{"id":996,"date":"2016-08-11T11:30:35","date_gmt":"2016-08-11T15:30:35","guid":{"rendered":"https:\/\/www.ccts-cprst.ca\/?p=996\/"},"modified":"2017-07-11T15:54:07","modified_gmt":"2017-07-11T19:54:07","slug":"le-cprst-met-fin-a-la-participation-de-vois","status":"publish","type":"post","link":"https:\/\/www.ccts-cprst.ca\/fr\/le-cprst-met-fin-a-la-participation-de-vois\/","title":{"rendered":"Le CPRST met fin \u00e0 la participation de VOIS"},"content":{"rendered":"<h2><strong>L\u2019ombudsman des t\u00e9l\u00e9coms prend des mesures officielles \u00e0 l\u2019encontre d\u2019un fournisseur de services en d\u00e9faut<\/strong><\/h2>\n<p><strong>Ottawa, le 11 ao\u00fbt 2016 \u2013<\/strong>\u00a0Le 5 ao\u00fbt 2016, le Commissaire aux plaintes relatives aux services de t\u00e9l\u00e9communications (CPRST) a mis fin \u00e0 la participation de VOIS \u00e0 son organisation de traitement des plaintes de t\u00e9l\u00e9com.<\/p>\n<p>\u00ab L\u2019expulsion de VOIS est bas\u00e9e sur son d\u00e9faut de respecter les r\u00e8gles fondamentales de notre processus. Le CPRST a men\u00e9 six enqu\u00eates distinctes li\u00e9es \u00e0 des plaintes de clients et dans chaque cas, une d\u00e9cision contraignante a \u00e9t\u00e9 rendue afin que VOIS indemnise les clients et prenne d\u2019autres mesures. VOIS n\u2019a pas pris les mesures requises dans ces six cas et les clients ne b\u00e9n\u00e9ficient toujours pas des mesures auxquelles ils ont droit. De par sa conduite, VOIS viole les obligations les plus fondamentales du processus du CPRST. Nous avons fait de nombreux efforts pour communiquer avec VOIS et tenter de r\u00e9soudre ces probl\u00e8mes conjointement. Cependant, VOIS a choisi de nous ignorer, ce qui a oblig\u00e9 le CPRST \u00e0 prendre cette mesure radicale \u2013 une mesure que nous ne prenons pas \u00e0 la l\u00e9g\u00e8re \u00bb a indiqu\u00e9 le Commissaire Howard Maker.<\/p>\n<p>La participation de VOIS au CPRST est une exigence r\u00e9glementaire. En raison de cette expulsion, VOIS est maintenant en situation de violation de son obligation r\u00e9glementaire et le CPRST a soumis le dossier au Conseil de la radiodiffusion et des t\u00e9l\u00e9communications canadiennes (CRTC), l\u2019organisme r\u00e9glementaire de l\u2019industrie, afin que des mesures additionnelles soient prises.<\/p>\n<p>\u00ab Le CRTC a clairement indiqu\u00e9 que si le CPRST mettait fin \u00e0 la participation d\u2019un fournisseur de services, nous devions lui soumettre le dossier, et c\u2019est ce que nous avons fait \u00bb a indiqu\u00e9 M. Maker. \u00ab Nous esp\u00e9rons qu\u2019ultimement, VOIS finira par indemniser ces six clients et qu\u2019il redeviendra membre du CPRST, avec le d\u00e9sir de se conformer aux r\u00e8gles \u2013 les m\u00eames r\u00e8gles qui s\u2019appliquent \u00e0 tous les fournisseurs de services de t\u00e9l\u00e9com \u00bb.<\/p>\n<p class=\"footnote\" style=\"text-align: center;\">-30-<\/p>\n<p class=\"footnote\"><strong>Au sujet du Commissaire aux plaintes relatives aux services de t\u00e9l\u00e9communications (CPRST)<\/strong><\/p>\n<p class=\"footnote\">Depuis juillet 2007, le CPRST fournit aux clients un m\u00e9canisme ind\u00e9pendant et impartial de r\u00e9solution des plaintes relatives aux services d\u00e9r\u00e9glement\u00e9s de t\u00e9l\u00e9phonie locale et d\u2019interurbains ainsi que des services sans fil et d\u2019acc\u00e8s \u00e0 internet. Cela comprend les questions d\u2019erreurs de facturation, de conformit\u00e9 aux modalit\u00e9s du contrat et aux engagements, de prestation de service, de gestion des cr\u00e9dits et de recouvrement. Visitez notre site web \u00e0\u00a0<a href=\"https:\/\/www.ccts-cprst.ca\">www.ccts-cprst.ca<\/a><\/p>\n<p class=\"footnote\">Pour plus d\u2019information : Commissaire aux plaintes relatives aux services de t\u00e9l\u00e9communications (CPRST),\u00a0<a href=\"mailto:communication@ccts-cprst.ca\">communication@ccts-cprst.ca,<\/a> sans frais: 1-855-512-9783<\/p>\n","protected":false},"excerpt":{"rendered":"<p>L\u2019ombudsman des t\u00e9l\u00e9coms prend des mesures officielles \u00e0 l\u2019encontre d\u2019un fournisseur de services en d\u00e9faut Ottawa, le 11 ao\u00fbt 2016 \u2013\u00a0Le 5 ao\u00fbt 2016, le Commissaire aux plaintes relatives aux services de t\u00e9l\u00e9communications (CPRST) a mis fin \u00e0 la participation de VOIS \u00e0 son organisation de traitement des plaintes de t\u00e9l\u00e9com. \u00ab L\u2019expulsion de VOIS<a class=\"excerpt-read-more\" href=\"https:\/\/www.ccts-cprst.ca\/fr\/le-cprst-met-fin-a-la-participation-de-vois\/\" title=\"LuLe CPRST met fin \u00e0 la participation de VOIS\">En lire plus &raquo;<\/a><\/p>\n","protected":false},"author":15,"featured_media":1031,"comment_status":"open","ping_status":"open","sticky":false,"template":"","format":"standard","meta":{"_acf_changed":false,"_relevanssi_hide_post":"","_relevanssi_hide_content":"","_relevanssi_pin_for_all":"","_relevanssi_pin_keywords":"","_relevanssi_unpin_keywords":"","_relevanssi_related_keywords":"","_relevanssi_related_include_ids":"","_relevanssi_related_exclude_ids":"","_relevanssi_related_no_append":"","_relevanssi_related_not_related":"","_relevanssi_related_posts":"","_relevanssi_noindex_reason":"","footnotes":""},"categories":[61],"tags":[53,24],"class_list":["post-996","post","type-post","status-publish","format-standard","has-post-thumbnail","hentry","category-communique-de-presse","tag-expulsion","tag-vois"],"acf":[],"yoast_head":"<!-- This site is optimized with the Yoast SEO plugin v26.9 - https:\/\/yoast.com\/product\/yoast-seo-wordpress\/ -->\n<title>Le CPRST met fin \u00e0 la participation de VOIS - CPRST<\/title>\n<meta name=\"robots\" content=\"index, follow, max-snippet:-1, max-image-preview:large, max-video-preview:-1\" \/>\n<link rel=\"canonical\" href=\"https:\/\/www.ccts-cprst.ca\/fr\/le-cprst-met-fin-a-la-participation-de-vois\/\" \/>\n<meta property=\"og:locale\" content=\"fr_FR\" \/>\n<meta property=\"og:type\" content=\"article\" \/>\n<meta property=\"og:title\" content=\"Le CPRST met fin \u00e0 la participation de VOIS - CPRST\" \/>\n<meta property=\"og:description\" content=\"L\u2019ombudsman des t\u00e9l\u00e9coms prend des mesures officielles \u00e0 l\u2019encontre d\u2019un fournisseur de services en d\u00e9faut Ottawa, le 11 ao\u00fbt 2016 \u2013\u00a0Le 5 ao\u00fbt 2016, le Commissaire aux plaintes relatives aux services de t\u00e9l\u00e9communications (CPRST) a mis fin \u00e0 la participation de VOIS \u00e0 son organisation de traitement des plaintes de t\u00e9l\u00e9com. \u00ab L\u2019expulsion de VOISEn lire plus &raquo;\" \/>\n<meta property=\"og:url\" content=\"https:\/\/www.ccts-cprst.ca\/fr\/le-cprst-met-fin-a-la-participation-de-vois\/\" \/>\n<meta property=\"og:site_name\" content=\"CPRST\" \/>\n<meta property=\"article:publisher\" content=\"https:\/\/www.facebook.com\/ccts.cprst\/\" \/>\n<meta property=\"article:published_time\" content=\"2016-08-11T15:30:35+00:00\" \/>\n<meta property=\"article:modified_time\" content=\"2017-07-11T19:54:07+00:00\" \/>\n<meta property=\"og:image\" content=\"https:\/\/www.ccts-cprst.ca\/wp-content\/uploads\/2017\/07\/Communiqu\u00e9-de-presse.png\" \/>\n\t<meta property=\"og:image:width\" content=\"805\" \/>\n\t<meta property=\"og:image:height\" content=\"210\" \/>\n\t<meta property=\"og:image:type\" content=\"image\/png\" \/>\n<meta name=\"author\" content=\"G A\" \/>\n<meta name=\"twitter:card\" content=\"summary_large_image\" \/>\n<meta name=\"twitter:creator\" content=\"@ccts_cprst\" \/>\n<meta name=\"twitter:site\" content=\"@ccts_cprst\" \/>\n<meta name=\"twitter:label1\" content=\"\u00c9crit par\" \/>\n\t<meta name=\"twitter:data1\" content=\"G A\" \/>\n\t<meta name=\"twitter:label2\" content=\"Dur\u00e9e de lecture estim\u00e9e\" \/>\n\t<meta name=\"twitter:data2\" content=\"2 minutes\" \/>\n<script type=\"application\/ld+json\" class=\"yoast-schema-graph\">{\"@context\":\"https:\/\/schema.org\",\"@graph\":[{\"@type\":\"Article\",\"@id\":\"https:\/\/www.ccts-cprst.ca\/fr\/le-cprst-met-fin-a-la-participation-de-vois\/#article\",\"isPartOf\":{\"@id\":\"https:\/\/www.ccts-cprst.ca\/fr\/le-cprst-met-fin-a-la-participation-de-vois\/\"},\"author\":{\"name\":\"G A\",\"@id\":\"https:\/\/www.ccts-cprst.ca\/fr\/#\/schema\/person\/98bbe25cf35ab33e6ac1045a6cab3809\"},\"headline\":\"Le CPRST met fin \u00e0 la participation de VOIS\",\"datePublished\":\"2016-08-11T15:30:35+00:00\",\"dateModified\":\"2017-07-11T19:54:07+00:00\",\"mainEntityOfPage\":{\"@id\":\"https:\/\/www.ccts-cprst.ca\/fr\/le-cprst-met-fin-a-la-participation-de-vois\/\"},\"wordCount\":479,\"commentCount\":0,\"publisher\":{\"@id\":\"https:\/\/www.ccts-cprst.ca\/fr\/#organization\"},\"image\":{\"@id\":\"https:\/\/www.ccts-cprst.ca\/fr\/le-cprst-met-fin-a-la-participation-de-vois\/#primaryimage\"},\"thumbnailUrl\":\"https:\/\/www.ccts-cprst.ca\/wp-content\/uploads\/2017\/07\/Communiqu\u00e9-de-presse.png\",\"keywords\":[\"expulsion\",\"VOIS\"],\"articleSection\":[\"Communiqu\u00e9 de presse\"],\"inLanguage\":\"fr-FR\",\"potentialAction\":[{\"@type\":\"CommentAction\",\"name\":\"Comment\",\"target\":[\"https:\/\/www.ccts-cprst.ca\/fr\/le-cprst-met-fin-a-la-participation-de-vois\/#respond\"]}]},{\"@type\":\"WebPage\",\"@id\":\"https:\/\/www.ccts-cprst.ca\/fr\/le-cprst-met-fin-a-la-participation-de-vois\/\",\"url\":\"https:\/\/www.ccts-cprst.ca\/fr\/le-cprst-met-fin-a-la-participation-de-vois\/\",\"name\":\"Le CPRST met fin \u00e0 la participation de VOIS - CPRST\",\"isPartOf\":{\"@id\":\"https:\/\/www.ccts-cprst.ca\/fr\/#website\"},\"primaryImageOfPage\":{\"@id\":\"https:\/\/www.ccts-cprst.ca\/fr\/le-cprst-met-fin-a-la-participation-de-vois\/#primaryimage\"},\"image\":{\"@id\":\"https:\/\/www.ccts-cprst.ca\/fr\/le-cprst-met-fin-a-la-participation-de-vois\/#primaryimage\"},\"thumbnailUrl\":\"https:\/\/www.ccts-cprst.ca\/wp-content\/uploads\/2017\/07\/Communiqu\u00e9-de-presse.png\",\"datePublished\":\"2016-08-11T15:30:35+00:00\",\"dateModified\":\"2017-07-11T19:54:07+00:00\",\"breadcrumb\":{\"@id\":\"https:\/\/www.ccts-cprst.ca\/fr\/le-cprst-met-fin-a-la-participation-de-vois\/#breadcrumb\"},\"inLanguage\":\"fr-FR\",\"potentialAction\":[{\"@type\":\"ReadAction\",\"target\":[\"https:\/\/www.ccts-cprst.ca\/fr\/le-cprst-met-fin-a-la-participation-de-vois\/\"]}]},{\"@type\":\"ImageObject\",\"inLanguage\":\"fr-FR\",\"@id\":\"https:\/\/www.ccts-cprst.ca\/fr\/le-cprst-met-fin-a-la-participation-de-vois\/#primaryimage\",\"url\":\"https:\/\/www.ccts-cprst.ca\/wp-content\/uploads\/2017\/07\/Communiqu\u00e9-de-presse.png\",\"contentUrl\":\"https:\/\/www.ccts-cprst.ca\/wp-content\/uploads\/2017\/07\/Communiqu\u00e9-de-presse.png\",\"width\":805,\"height\":210,\"caption\":\"Communiqu\u00e9 de presse\"},{\"@type\":\"BreadcrumbList\",\"@id\":\"https:\/\/www.ccts-cprst.ca\/fr\/le-cprst-met-fin-a-la-participation-de-vois\/#breadcrumb\",\"itemListElement\":[{\"@type\":\"ListItem\",\"position\":1,\"name\":\"Home\",\"item\":\"https:\/\/www.ccts-cprst.ca\/fr\/\"},{\"@type\":\"ListItem\",\"position\":2,\"name\":\"Le CPRST met fin \u00e0 la participation de VOIS\"}]},{\"@type\":\"WebSite\",\"@id\":\"https:\/\/www.ccts-cprst.ca\/fr\/#website\",\"url\":\"https:\/\/www.ccts-cprst.ca\/fr\/\",\"name\":\"CCTS \/ CPRST\",\"description\":\"\",\"publisher\":{\"@id\":\"https:\/\/www.ccts-cprst.ca\/fr\/#organization\"},\"potentialAction\":[{\"@type\":\"SearchAction\",\"target\":{\"@type\":\"EntryPoint\",\"urlTemplate\":\"https:\/\/www.ccts-cprst.ca\/fr\/?s={search_term_string}\"},\"query-input\":{\"@type\":\"PropertyValueSpecification\",\"valueRequired\":true,\"valueName\":\"search_term_string\"}}],\"inLanguage\":\"fr-FR\"},{\"@type\":\"Organization\",\"@id\":\"https:\/\/www.ccts-cprst.ca\/fr\/#organization\",\"name\":\"CCTS \/ CPRST\",\"url\":\"https:\/\/www.ccts-cprst.ca\/fr\/\",\"logo\":{\"@type\":\"ImageObject\",\"inLanguage\":\"fr-FR\",\"@id\":\"https:\/\/www.ccts-cprst.ca\/fr\/#\/schema\/logo\/image\/\",\"url\":\"https:\/\/www.ccts-cprst.ca\/wp-content\/uploads\/2024\/08\/logo-ccts-en.png\",\"contentUrl\":\"https:\/\/www.ccts-cprst.ca\/wp-content\/uploads\/2024\/08\/logo-ccts-en.png\",\"width\":498,\"height\":180,\"caption\":\"CCTS \/ CPRST\"},\"image\":{\"@id\":\"https:\/\/www.ccts-cprst.ca\/fr\/#\/schema\/logo\/image\/\"},\"sameAs\":[\"https:\/\/www.facebook.com\/ccts.cprst\/\",\"https:\/\/x.com\/ccts_cprst\",\"https:\/\/www.youtube.com\/channel\/UCLagw5p-R3rIJWUto9wt-5Q\",\"https:\/\/www.linkedin.com\/company\/commission-for-complaints-for-telecom-television-services\/\"]},{\"@type\":\"Person\",\"@id\":\"https:\/\/www.ccts-cprst.ca\/fr\/#\/schema\/person\/98bbe25cf35ab33e6ac1045a6cab3809\",\"name\":\"G A\"}]}<\/script>\n<!-- \/ Yoast SEO plugin. -->","yoast_head_json":{"title":"Le CPRST met fin \u00e0 la participation de VOIS - CPRST","robots":{"index":"index","follow":"follow","max-snippet":"max-snippet:-1","max-image-preview":"max-image-preview:large","max-video-preview":"max-video-preview:-1"},"canonical":"https:\/\/www.ccts-cprst.ca\/fr\/le-cprst-met-fin-a-la-participation-de-vois\/","og_locale":"fr_FR","og_type":"article","og_title":"Le CPRST met fin \u00e0 la participation de VOIS - CPRST","og_description":"L\u2019ombudsman des t\u00e9l\u00e9coms prend des mesures officielles \u00e0 l\u2019encontre d\u2019un fournisseur de services en d\u00e9faut Ottawa, le 11 ao\u00fbt 2016 \u2013\u00a0Le 5 ao\u00fbt 2016, le Commissaire aux plaintes relatives aux services de t\u00e9l\u00e9communications (CPRST) a mis fin \u00e0 la participation de VOIS \u00e0 son organisation de traitement des plaintes de t\u00e9l\u00e9com. \u00ab L\u2019expulsion de VOISEn lire plus &raquo;","og_url":"https:\/\/www.ccts-cprst.ca\/fr\/le-cprst-met-fin-a-la-participation-de-vois\/","og_site_name":"CPRST","article_publisher":"https:\/\/www.facebook.com\/ccts.cprst\/","article_published_time":"2016-08-11T15:30:35+00:00","article_modified_time":"2017-07-11T19:54:07+00:00","og_image":[{"width":805,"height":210,"url":"https:\/\/www.ccts-cprst.ca\/wp-content\/uploads\/2017\/07\/Communiqu\u00e9-de-presse.png","type":"image\/png"}],"author":"G A","twitter_card":"summary_large_image","twitter_creator":"@ccts_cprst","twitter_site":"@ccts_cprst","twitter_misc":{"\u00c9crit par":"G A","Dur\u00e9e de lecture estim\u00e9e":"2 minutes"},"schema":{"@context":"https:\/\/schema.org","@graph":[{"@type":"Article","@id":"https:\/\/www.ccts-cprst.ca\/fr\/le-cprst-met-fin-a-la-participation-de-vois\/#article","isPartOf":{"@id":"https:\/\/www.ccts-cprst.ca\/fr\/le-cprst-met-fin-a-la-participation-de-vois\/"},"author":{"name":"G A","@id":"https:\/\/www.ccts-cprst.ca\/fr\/#\/schema\/person\/98bbe25cf35ab33e6ac1045a6cab3809"},"headline":"Le CPRST met fin \u00e0 la participation de VOIS","datePublished":"2016-08-11T15:30:35+00:00","dateModified":"2017-07-11T19:54:07+00:00","mainEntityOfPage":{"@id":"https:\/\/www.ccts-cprst.ca\/fr\/le-cprst-met-fin-a-la-participation-de-vois\/"},"wordCount":479,"commentCount":0,"publisher":{"@id":"https:\/\/www.ccts-cprst.ca\/fr\/#organization"},"image":{"@id":"https:\/\/www.ccts-cprst.ca\/fr\/le-cprst-met-fin-a-la-participation-de-vois\/#primaryimage"},"thumbnailUrl":"https:\/\/www.ccts-cprst.ca\/wp-content\/uploads\/2017\/07\/Communiqu\u00e9-de-presse.png","keywords":["expulsion","VOIS"],"articleSection":["Communiqu\u00e9 de presse"],"inLanguage":"fr-FR","potentialAction":[{"@type":"CommentAction","name":"Comment","target":["https:\/\/www.ccts-cprst.ca\/fr\/le-cprst-met-fin-a-la-participation-de-vois\/#respond"]}]},{"@type":"WebPage","@id":"https:\/\/www.ccts-cprst.ca\/fr\/le-cprst-met-fin-a-la-participation-de-vois\/","url":"https:\/\/www.ccts-cprst.ca\/fr\/le-cprst-met-fin-a-la-participation-de-vois\/","name":"Le CPRST met fin \u00e0 la participation de VOIS - CPRST","isPartOf":{"@id":"https:\/\/www.ccts-cprst.ca\/fr\/#website"},"primaryImageOfPage":{"@id":"https:\/\/www.ccts-cprst.ca\/fr\/le-cprst-met-fin-a-la-participation-de-vois\/#primaryimage"},"image":{"@id":"https:\/\/www.ccts-cprst.ca\/fr\/le-cprst-met-fin-a-la-participation-de-vois\/#primaryimage"},"thumbnailUrl":"https:\/\/www.ccts-cprst.ca\/wp-content\/uploads\/2017\/07\/Communiqu\u00e9-de-presse.png","datePublished":"2016-08-11T15:30:35+00:00","dateModified":"2017-07-11T19:54:07+00:00","breadcrumb":{"@id":"https:\/\/www.ccts-cprst.ca\/fr\/le-cprst-met-fin-a-la-participation-de-vois\/#breadcrumb"},"inLanguage":"fr-FR","potentialAction":[{"@type":"ReadAction","target":["https:\/\/www.ccts-cprst.ca\/fr\/le-cprst-met-fin-a-la-participation-de-vois\/"]}]},{"@type":"ImageObject","inLanguage":"fr-FR","@id":"https:\/\/www.ccts-cprst.ca\/fr\/le-cprst-met-fin-a-la-participation-de-vois\/#primaryimage","url":"https:\/\/www.ccts-cprst.ca\/wp-content\/uploads\/2017\/07\/Communiqu\u00e9-de-presse.png","contentUrl":"https:\/\/www.ccts-cprst.ca\/wp-content\/uploads\/2017\/07\/Communiqu\u00e9-de-presse.png","width":805,"height":210,"caption":"Communiqu\u00e9 de presse"},{"@type":"BreadcrumbList","@id":"https:\/\/www.ccts-cprst.ca\/fr\/le-cprst-met-fin-a-la-participation-de-vois\/#breadcrumb","itemListElement":[{"@type":"ListItem","position":1,"name":"Home","item":"https:\/\/www.ccts-cprst.ca\/fr\/"},{"@type":"ListItem","position":2,"name":"Le CPRST met fin \u00e0 la participation de VOIS"}]},{"@type":"WebSite","@id":"https:\/\/www.ccts-cprst.ca\/fr\/#website","url":"https:\/\/www.ccts-cprst.ca\/fr\/","name":"CCTS \/ CPRST","description":"","publisher":{"@id":"https:\/\/www.ccts-cprst.ca\/fr\/#organization"},"potentialAction":[{"@type":"SearchAction","target":{"@type":"EntryPoint","urlTemplate":"https:\/\/www.ccts-cprst.ca\/fr\/?s={search_term_string}"},"query-input":{"@type":"PropertyValueSpecification","valueRequired":true,"valueName":"search_term_string"}}],"inLanguage":"fr-FR"},{"@type":"Organization","@id":"https:\/\/www.ccts-cprst.ca\/fr\/#organization","name":"CCTS \/ CPRST","url":"https:\/\/www.ccts-cprst.ca\/fr\/","logo":{"@type":"ImageObject","inLanguage":"fr-FR","@id":"https:\/\/www.ccts-cprst.ca\/fr\/#\/schema\/logo\/image\/","url":"https:\/\/www.ccts-cprst.ca\/wp-content\/uploads\/2024\/08\/logo-ccts-en.png","contentUrl":"https:\/\/www.ccts-cprst.ca\/wp-content\/uploads\/2024\/08\/logo-ccts-en.png","width":498,"height":180,"caption":"CCTS \/ CPRST"},"image":{"@id":"https:\/\/www.ccts-cprst.ca\/fr\/#\/schema\/logo\/image\/"},"sameAs":["https:\/\/www.facebook.com\/ccts.cprst\/","https:\/\/x.com\/ccts_cprst","https:\/\/www.youtube.com\/channel\/UCLagw5p-R3rIJWUto9wt-5Q","https:\/\/www.linkedin.com\/company\/commission-for-complaints-for-telecom-television-services\/"]},{"@type":"Person","@id":"https:\/\/www.ccts-cprst.ca\/fr\/#\/schema\/person\/98bbe25cf35ab33e6ac1045a6cab3809","name":"G A"}]}},"_links":{"self":[{"href":"https:\/\/www.ccts-cprst.ca\/fr\/wp-json\/wp\/v2\/posts\/996","targetHints":{"allow":["GET"]}}],"collection":[{"href":"https:\/\/www.ccts-cprst.ca\/fr\/wp-json\/wp\/v2\/posts"}],"about":[{"href":"https:\/\/www.ccts-cprst.ca\/fr\/wp-json\/wp\/v2\/types\/post"}],"author":[{"embeddable":true,"href":"https:\/\/www.ccts-cprst.ca\/fr\/wp-json\/wp\/v2\/users\/15"}],"replies":[{"embeddable":true,"href":"https:\/\/www.ccts-cprst.ca\/fr\/wp-json\/wp\/v2\/comments?post=996"}],"version-history":[{"count":1,"href":"https:\/\/www.ccts-cprst.ca\/fr\/wp-json\/wp\/v2\/posts\/996\/revisions"}],"predecessor-version":[{"id":999,"href":"https:\/\/www.ccts-cprst.ca\/fr\/wp-json\/wp\/v2\/posts\/996\/revisions\/999"}],"wp:featuredmedia":[{"embeddable":true,"href":"https:\/\/www.ccts-cprst.ca\/fr\/wp-json\/wp\/v2\/media\/1031"}],"wp:attachment":[{"href":"https:\/\/www.ccts-cprst.ca\/fr\/wp-json\/wp\/v2\/media?parent=996"}],"wp:term":[{"taxonomy":"category","embeddable":true,"href":"https:\/\/www.ccts-cprst.ca\/fr\/wp-json\/wp\/v2\/categories?post=996"},{"taxonomy":"post_tag","embeddable":true,"href":"https:\/\/www.ccts-cprst.ca\/fr\/wp-json\/wp\/v2\/tags?post=996"}],"curies":[{"name":"wp","href":"https:\/\/api.w.org\/{rel}","templated":true}]}}