{"id":8642,"date":"2023-03-07T06:30:01","date_gmt":"2023-03-07T11:30:01","guid":{"rendered":"https:\/\/www.ccts-cprst.ca\/?p=8642\/"},"modified":"2023-03-06T15:19:14","modified_gmt":"2023-03-06T20:19:14","slug":"le-crtc-entame-une-procedure-dapplication-de-la-loi-contre-optitel-mobile-pour-avoir-omis-dadherer-a-la-cprst","status":"publish","type":"post","link":"https:\/\/www.ccts-cprst.ca\/fr\/le-crtc-entame-une-procedure-dapplication-de-la-loi-contre-optitel-mobile-pour-avoir-omis-dadherer-a-la-cprst\/","title":{"rendered":"Le CRTC entame une proc\u00e9dure d\u2019application de la loi contre Optitel Mobile pour avoir omis d\u2019adh\u00e9rer \u00e0 la CPRST"},"content":{"rendered":"<p><strong>Ottawa (le 7 mars, 2023)\u00a0<\/strong>\u2013 La Commission des plaintes relatives aux services de t\u00e9l\u00e9com-t\u00e9l\u00e9vision (CPRST) accueille favorablement l\u2019<a href=\"https:\/\/crtc.gc.ca\/fra\/archive\/2023\/2023-45.htm\"><strong>instance de justification<\/strong><\/a> du Conseil de la radiodiffusion et des t\u00e9l\u00e9communications canadiennes (CRTC) concernant le fournisseur de services\u00a01174855628 Optitel Mobile\u00a0Inc. (Optitel\u00a0Mobile) et son directeur, Robert\u00a0Trudeau. L\u2019instance exige qu\u2019Optitel Mobile d\u00e9montre pourquoi elle ne devrait pas \u00eatre consid\u00e9r\u00e9e comme ayant contrevenu \u00e0 la <em>Loi sur les t\u00e9l\u00e9communications<\/em> en refusant d\u2019adh\u00e9rer \u00e0 la CPRST comme elle \u00e9tait tenue de le faire, et pourquoi Robert\u00a0Trudeau ne devrait pas \u00eatre tenu personnellement responsable de toute violation commise par la soci\u00e9t\u00e9 qu\u2019il dirige.<\/p>\n<p>Lorsqu\u2019un client d\u00e9pose une plainte qui rel\u00e8ve du mandat de la CPRST et que le fournisseur de services de t\u00e9l\u00e9communication n\u2019adh\u00e8re pas d\u00e9j\u00e0 \u00e0 la CPRST, le CRTC exige que le fournisseur y adh\u00e8re. Cette exigence existe afin que les clients des fournisseurs de services de t\u00e9l\u00e9communication puissent avoir la possibilit\u00e9 de r\u00e9gler leur diff\u00e9rend avec leur fournisseur avec l\u2019aide d\u2019un organisme ind\u00e9pendant de traitement des plaintes (la CPRST). La CPRST d\u00e9ploie des efforts consid\u00e9rables pour inciter les nouveaux fournisseurs \u00e0 adh\u00e9rer \u00e0 son organisme lorsqu\u2019ils sont tenus de le faire. Lorsqu\u2019un fournisseur n\u2019adh\u00e8re pas \u00e0 la\u00a0CPRST, celle-ci transmet le dossier au\u00a0CRTC pour qu\u2019il prenne des mesures coercitives et elle publie le <a href=\"https:\/\/www.ccts-cprst.ca\/fr\/industrie\/fournisseurs-de-services-fautifs\/\"><strong>nom du fournisseur fautif sur son site Web<\/strong><\/a><strong>.<\/strong> La CPRST compte plus de 400\u00a0fournisseurs de services participants.<\/p>\n<p>La CPRST a re\u00e7u la premi\u00e8re plainte d\u2019un client d\u2019Optitel Mobile le 3\u00a0mars\u00a02022. En avril\u00a02022, un autre client a d\u00e9pos\u00e9 une plainte au sujet d\u2019Optitel Mobile. La CPRST a envoy\u00e9 plusieurs avis et a parl\u00e9 avec le directeur de l\u2019obligation d\u2019adh\u00e9rer \u00e0 la CPRST. Malgr\u00e9 ces efforts, Optitel Mobile n\u2019a pas adh\u00e9r\u00e9 \u00e0 la CPRST, et en septembre\u00a02022, la CPRST a renvoy\u00e9 le dossier au CRTC pour qu\u2019il prenne des mesures coercitives. Les plaintes des clients d\u2019Optitel Mobile ne peuvent pas \u00eatre trait\u00e9es par la CPRST tant qu\u2019Optitel Mobile n\u2019a pas adh\u00e9r\u00e9 \u00e0 la CPRST.<\/p>\n<p>L\u2019instance du CRTC comprend une p\u00e9riode d\u2019appel aux observations, apr\u00e8s laquelle le CRTC d\u00e9terminera si des mesures coercitives, comme une ordonnance d\u2019adh\u00e9sion \u00e0 la CPRST ou une sanction p\u00e9cuniaire, sont n\u00e9cessaires pour rem\u00e9dier \u00e0 tout d\u00e9faut de conformit\u00e9 du fournisseur de services. La CPRST est pr\u00eate \u00e0 faciliter l\u2019adh\u00e9sion d\u2019Optitel Mobile \u00e0 la CPRST.<\/p>\n<p>&nbsp;<\/p>\n<p><strong>\u00c0 propos de la\u00a0CPRST<\/strong><\/p>\n<p>La CPRST est l\u2019organisme national et ind\u00e9pendant du Canada qui s\u2019occupe de r\u00e9gler les plaintes des clients relatives aux services de t\u00e9l\u00e9communication et de t\u00e9l\u00e9vision, de fa\u00e7on \u00e9quitable, et ce, gratuitement. Cette ann\u00e9e, la CPRST c\u00e9l\u00e8bre 15\u00a0ans d\u2019aide offerte aux Canadiens. \u00c0 ce jour, la CPRST a trait\u00e9 plus de 150\u00a0000\u00a0plaintes; la plupart ont \u00e9t\u00e9 r\u00e9gl\u00e9es en moins de 30\u00a0jours.<\/p>\n<p>Les clients sont invit\u00e9s \u00e0 demander de l\u2019aide \u00e0 la CPRST s\u2019ils ne parviennent pas \u00e0 r\u00e9soudre un diff\u00e9rend avec leur fournisseur de services. <a href=\"https:\/\/www.ccts-cprst.ca\/fr\/pour-les-consommateurs\/plaintes\/deposer-une-plainte\/\"><strong>Parlons solutions!<\/strong><\/a><\/p>\n<p>Cliquez ici pour vous inscrire \u00e0 notre liste de diffusion afin de rester au courant des probl\u00e8mes de non-conformit\u00e9 et des autres nouvelles li\u00e9es \u00e0 la CPRST.<\/p>\n<p><strong>Personne-ressource<\/strong><\/p>\n<p>Mathieu\u00a0Pierre\u00a0Dagonas (<a href=\"mailto:communication@ccts-cprst.ca\"><strong>communications@ccts-cprst.ca<\/strong><\/a>)<strong><u><br \/>\nDirecteur, affaires des intervenants et communications<\/u><\/strong><\/p>\n","protected":false},"excerpt":{"rendered":"<p>Ottawa (le 7 mars, 2023)\u00a0\u2013 La Commission des plaintes relatives aux services de t\u00e9l\u00e9com-t\u00e9l\u00e9vision (CPRST) accueille favorablement l\u2019instance de justification du Conseil de la radiodiffusion et des t\u00e9l\u00e9communications canadiennes (CRTC) concernant le fournisseur de services\u00a01174855628 Optitel Mobile\u00a0Inc. (Optitel\u00a0Mobile) et son directeur, Robert\u00a0Trudeau. L\u2019instance exige qu\u2019Optitel Mobile d\u00e9montre pourquoi elle ne devrait pas \u00eatre consid\u00e9r\u00e9e comme<a class=\"excerpt-read-more\" href=\"https:\/\/www.ccts-cprst.ca\/fr\/le-crtc-entame-une-procedure-dapplication-de-la-loi-contre-optitel-mobile-pour-avoir-omis-dadherer-a-la-cprst\/\" title=\"LuLe CRTC entame une proc\u00e9dure d\u2019application de la loi contre Optitel Mobile pour avoir omis d\u2019adh\u00e9rer \u00e0 la CPRST\">En lire plus &raquo;<\/a><\/p>\n","protected":false},"author":15,"featured_media":1031,"comment_status":"closed","ping_status":"closed","sticky":false,"template":"","format":"standard","meta":{"_acf_changed":false,"_relevanssi_hide_post":"","_relevanssi_hide_content":"","_relevanssi_pin_for_all":"","_relevanssi_pin_keywords":"","_relevanssi_unpin_keywords":"","_relevanssi_related_keywords":"","_relevanssi_related_include_ids":"","_relevanssi_related_exclude_ids":"","_relevanssi_related_no_append":"","_relevanssi_related_not_related":"","_relevanssi_related_posts":"","_relevanssi_noindex_reason":"","footnotes":""},"categories":[61],"tags":[],"class_list":["post-8642","post","type-post","status-publish","format-standard","has-post-thumbnail","hentry","category-communique-de-presse"],"acf":[],"yoast_head":"<!-- This site is optimized with the Yoast SEO plugin v26.9 - https:\/\/yoast.com\/product\/yoast-seo-wordpress\/ -->\n<title>Le CRTC entame une proc\u00e9dure d\u2019application de la loi contre Optitel Mobile pour avoir omis d\u2019adh\u00e9rer \u00e0 la CPRST - CPRST<\/title>\n<meta name=\"robots\" content=\"index, follow, max-snippet:-1, max-image-preview:large, max-video-preview:-1\" \/>\n<link rel=\"canonical\" href=\"https:\/\/www.ccts-cprst.ca\/fr\/le-crtc-entame-une-procedure-dapplication-de-la-loi-contre-optitel-mobile-pour-avoir-omis-dadherer-a-la-cprst\/\" \/>\n<meta property=\"og:locale\" content=\"fr_FR\" \/>\n<meta property=\"og:type\" content=\"article\" \/>\n<meta property=\"og:title\" content=\"Le CRTC entame une proc\u00e9dure d\u2019application de la loi contre Optitel Mobile pour avoir omis d\u2019adh\u00e9rer \u00e0 la CPRST - CPRST\" \/>\n<meta property=\"og:description\" content=\"Ottawa (le 7 mars, 2023)\u00a0\u2013 La Commission des plaintes relatives aux services de t\u00e9l\u00e9com-t\u00e9l\u00e9vision (CPRST) accueille favorablement l\u2019instance de justification du Conseil de la radiodiffusion et des t\u00e9l\u00e9communications canadiennes (CRTC) concernant le fournisseur de services\u00a01174855628 Optitel Mobile\u00a0Inc. (Optitel\u00a0Mobile) et son directeur, Robert\u00a0Trudeau. L\u2019instance exige qu\u2019Optitel Mobile d\u00e9montre pourquoi elle ne devrait pas \u00eatre consid\u00e9r\u00e9e commeEn lire plus &raquo;\" \/>\n<meta property=\"og:url\" content=\"https:\/\/www.ccts-cprst.ca\/fr\/le-crtc-entame-une-procedure-dapplication-de-la-loi-contre-optitel-mobile-pour-avoir-omis-dadherer-a-la-cprst\/\" \/>\n<meta property=\"og:site_name\" content=\"CPRST\" \/>\n<meta property=\"article:publisher\" content=\"https:\/\/www.facebook.com\/ccts.cprst\/\" \/>\n<meta property=\"article:published_time\" content=\"2023-03-07T11:30:01+00:00\" \/>\n<meta property=\"og:image\" content=\"https:\/\/www.ccts-cprst.ca\/wp-content\/uploads\/2017\/07\/Communiqu\u00e9-de-presse.png\" \/>\n\t<meta property=\"og:image:width\" content=\"805\" \/>\n\t<meta property=\"og:image:height\" content=\"210\" \/>\n\t<meta property=\"og:image:type\" content=\"image\/png\" \/>\n<meta name=\"author\" content=\"G A\" \/>\n<meta name=\"twitter:card\" content=\"summary_large_image\" \/>\n<meta name=\"twitter:creator\" content=\"@ccts_cprst\" \/>\n<meta name=\"twitter:site\" content=\"@ccts_cprst\" \/>\n<meta name=\"twitter:label1\" content=\"\u00c9crit par\" \/>\n\t<meta name=\"twitter:data1\" content=\"G A\" \/>\n\t<meta name=\"twitter:label2\" content=\"Dur\u00e9e de lecture estim\u00e9e\" \/>\n\t<meta name=\"twitter:data2\" content=\"3 minutes\" \/>\n<script type=\"application\/ld+json\" class=\"yoast-schema-graph\">{\"@context\":\"https:\/\/schema.org\",\"@graph\":[{\"@type\":\"Article\",\"@id\":\"https:\/\/www.ccts-cprst.ca\/fr\/le-crtc-entame-une-procedure-dapplication-de-la-loi-contre-optitel-mobile-pour-avoir-omis-dadherer-a-la-cprst\/#article\",\"isPartOf\":{\"@id\":\"https:\/\/www.ccts-cprst.ca\/fr\/le-crtc-entame-une-procedure-dapplication-de-la-loi-contre-optitel-mobile-pour-avoir-omis-dadherer-a-la-cprst\/\"},\"author\":{\"name\":\"G A\",\"@id\":\"https:\/\/www.ccts-cprst.ca\/fr\/#\/schema\/person\/98bbe25cf35ab33e6ac1045a6cab3809\"},\"headline\":\"Le CRTC entame une proc\u00e9dure d\u2019application de la loi contre Optitel Mobile pour avoir omis d\u2019adh\u00e9rer \u00e0 la CPRST\",\"datePublished\":\"2023-03-07T11:30:01+00:00\",\"mainEntityOfPage\":{\"@id\":\"https:\/\/www.ccts-cprst.ca\/fr\/le-crtc-entame-une-procedure-dapplication-de-la-loi-contre-optitel-mobile-pour-avoir-omis-dadherer-a-la-cprst\/\"},\"wordCount\":607,\"publisher\":{\"@id\":\"https:\/\/www.ccts-cprst.ca\/fr\/#organization\"},\"image\":{\"@id\":\"https:\/\/www.ccts-cprst.ca\/fr\/le-crtc-entame-une-procedure-dapplication-de-la-loi-contre-optitel-mobile-pour-avoir-omis-dadherer-a-la-cprst\/#primaryimage\"},\"thumbnailUrl\":\"https:\/\/www.ccts-cprst.ca\/wp-content\/uploads\/2017\/07\/Communiqu\u00e9-de-presse.png\",\"articleSection\":[\"Communiqu\u00e9 de presse\"],\"inLanguage\":\"fr-FR\"},{\"@type\":\"WebPage\",\"@id\":\"https:\/\/www.ccts-cprst.ca\/fr\/le-crtc-entame-une-procedure-dapplication-de-la-loi-contre-optitel-mobile-pour-avoir-omis-dadherer-a-la-cprst\/\",\"url\":\"https:\/\/www.ccts-cprst.ca\/fr\/le-crtc-entame-une-procedure-dapplication-de-la-loi-contre-optitel-mobile-pour-avoir-omis-dadherer-a-la-cprst\/\",\"name\":\"Le CRTC entame une proc\u00e9dure d\u2019application de la loi contre Optitel Mobile pour avoir omis d\u2019adh\u00e9rer \u00e0 la CPRST - CPRST\",\"isPartOf\":{\"@id\":\"https:\/\/www.ccts-cprst.ca\/fr\/#website\"},\"primaryImageOfPage\":{\"@id\":\"https:\/\/www.ccts-cprst.ca\/fr\/le-crtc-entame-une-procedure-dapplication-de-la-loi-contre-optitel-mobile-pour-avoir-omis-dadherer-a-la-cprst\/#primaryimage\"},\"image\":{\"@id\":\"https:\/\/www.ccts-cprst.ca\/fr\/le-crtc-entame-une-procedure-dapplication-de-la-loi-contre-optitel-mobile-pour-avoir-omis-dadherer-a-la-cprst\/#primaryimage\"},\"thumbnailUrl\":\"https:\/\/www.ccts-cprst.ca\/wp-content\/uploads\/2017\/07\/Communiqu\u00e9-de-presse.png\",\"datePublished\":\"2023-03-07T11:30:01+00:00\",\"breadcrumb\":{\"@id\":\"https:\/\/www.ccts-cprst.ca\/fr\/le-crtc-entame-une-procedure-dapplication-de-la-loi-contre-optitel-mobile-pour-avoir-omis-dadherer-a-la-cprst\/#breadcrumb\"},\"inLanguage\":\"fr-FR\",\"potentialAction\":[{\"@type\":\"ReadAction\",\"target\":[\"https:\/\/www.ccts-cprst.ca\/fr\/le-crtc-entame-une-procedure-dapplication-de-la-loi-contre-optitel-mobile-pour-avoir-omis-dadherer-a-la-cprst\/\"]}]},{\"@type\":\"ImageObject\",\"inLanguage\":\"fr-FR\",\"@id\":\"https:\/\/www.ccts-cprst.ca\/fr\/le-crtc-entame-une-procedure-dapplication-de-la-loi-contre-optitel-mobile-pour-avoir-omis-dadherer-a-la-cprst\/#primaryimage\",\"url\":\"https:\/\/www.ccts-cprst.ca\/wp-content\/uploads\/2017\/07\/Communiqu\u00e9-de-presse.png\",\"contentUrl\":\"https:\/\/www.ccts-cprst.ca\/wp-content\/uploads\/2017\/07\/Communiqu\u00e9-de-presse.png\",\"width\":805,\"height\":210,\"caption\":\"Communiqu\u00e9 de presse\"},{\"@type\":\"BreadcrumbList\",\"@id\":\"https:\/\/www.ccts-cprst.ca\/fr\/le-crtc-entame-une-procedure-dapplication-de-la-loi-contre-optitel-mobile-pour-avoir-omis-dadherer-a-la-cprst\/#breadcrumb\",\"itemListElement\":[{\"@type\":\"ListItem\",\"position\":1,\"name\":\"Home\",\"item\":\"https:\/\/www.ccts-cprst.ca\/fr\/\"},{\"@type\":\"ListItem\",\"position\":2,\"name\":\"Le CRTC entame une proc\u00e9dure d\u2019application de la loi contre Optitel Mobile pour avoir omis d\u2019adh\u00e9rer \u00e0 la CPRST\"}]},{\"@type\":\"WebSite\",\"@id\":\"https:\/\/www.ccts-cprst.ca\/fr\/#website\",\"url\":\"https:\/\/www.ccts-cprst.ca\/fr\/\",\"name\":\"CCTS \/ CPRST\",\"description\":\"\",\"publisher\":{\"@id\":\"https:\/\/www.ccts-cprst.ca\/fr\/#organization\"},\"potentialAction\":[{\"@type\":\"SearchAction\",\"target\":{\"@type\":\"EntryPoint\",\"urlTemplate\":\"https:\/\/www.ccts-cprst.ca\/fr\/?s={search_term_string}\"},\"query-input\":{\"@type\":\"PropertyValueSpecification\",\"valueRequired\":true,\"valueName\":\"search_term_string\"}}],\"inLanguage\":\"fr-FR\"},{\"@type\":\"Organization\",\"@id\":\"https:\/\/www.ccts-cprst.ca\/fr\/#organization\",\"name\":\"CCTS \/ CPRST\",\"url\":\"https:\/\/www.ccts-cprst.ca\/fr\/\",\"logo\":{\"@type\":\"ImageObject\",\"inLanguage\":\"fr-FR\",\"@id\":\"https:\/\/www.ccts-cprst.ca\/fr\/#\/schema\/logo\/image\/\",\"url\":\"https:\/\/www.ccts-cprst.ca\/wp-content\/uploads\/2024\/08\/logo-ccts-en.png\",\"contentUrl\":\"https:\/\/www.ccts-cprst.ca\/wp-content\/uploads\/2024\/08\/logo-ccts-en.png\",\"width\":498,\"height\":180,\"caption\":\"CCTS \/ CPRST\"},\"image\":{\"@id\":\"https:\/\/www.ccts-cprst.ca\/fr\/#\/schema\/logo\/image\/\"},\"sameAs\":[\"https:\/\/www.facebook.com\/ccts.cprst\/\",\"https:\/\/x.com\/ccts_cprst\",\"https:\/\/www.youtube.com\/channel\/UCLagw5p-R3rIJWUto9wt-5Q\",\"https:\/\/www.linkedin.com\/company\/commission-for-complaints-for-telecom-television-services\/\"]},{\"@type\":\"Person\",\"@id\":\"https:\/\/www.ccts-cprst.ca\/fr\/#\/schema\/person\/98bbe25cf35ab33e6ac1045a6cab3809\",\"name\":\"G A\"}]}<\/script>\n<!-- \/ Yoast SEO plugin. -->","yoast_head_json":{"title":"Le CRTC entame une proc\u00e9dure d\u2019application de la loi contre Optitel Mobile pour avoir omis d\u2019adh\u00e9rer \u00e0 la CPRST - CPRST","robots":{"index":"index","follow":"follow","max-snippet":"max-snippet:-1","max-image-preview":"max-image-preview:large","max-video-preview":"max-video-preview:-1"},"canonical":"https:\/\/www.ccts-cprst.ca\/fr\/le-crtc-entame-une-procedure-dapplication-de-la-loi-contre-optitel-mobile-pour-avoir-omis-dadherer-a-la-cprst\/","og_locale":"fr_FR","og_type":"article","og_title":"Le CRTC entame une proc\u00e9dure d\u2019application de la loi contre Optitel Mobile pour avoir omis d\u2019adh\u00e9rer \u00e0 la CPRST - CPRST","og_description":"Ottawa (le 7 mars, 2023)\u00a0\u2013 La Commission des plaintes relatives aux services de t\u00e9l\u00e9com-t\u00e9l\u00e9vision (CPRST) accueille favorablement l\u2019instance de justification du Conseil de la radiodiffusion et des t\u00e9l\u00e9communications canadiennes (CRTC) concernant le fournisseur de services\u00a01174855628 Optitel Mobile\u00a0Inc. (Optitel\u00a0Mobile) et son directeur, Robert\u00a0Trudeau. L\u2019instance exige qu\u2019Optitel Mobile d\u00e9montre pourquoi elle ne devrait pas \u00eatre consid\u00e9r\u00e9e commeEn lire plus &raquo;","og_url":"https:\/\/www.ccts-cprst.ca\/fr\/le-crtc-entame-une-procedure-dapplication-de-la-loi-contre-optitel-mobile-pour-avoir-omis-dadherer-a-la-cprst\/","og_site_name":"CPRST","article_publisher":"https:\/\/www.facebook.com\/ccts.cprst\/","article_published_time":"2023-03-07T11:30:01+00:00","og_image":[{"width":805,"height":210,"url":"https:\/\/www.ccts-cprst.ca\/wp-content\/uploads\/2017\/07\/Communiqu\u00e9-de-presse.png","type":"image\/png"}],"author":"G A","twitter_card":"summary_large_image","twitter_creator":"@ccts_cprst","twitter_site":"@ccts_cprst","twitter_misc":{"\u00c9crit par":"G A","Dur\u00e9e de lecture estim\u00e9e":"3 minutes"},"schema":{"@context":"https:\/\/schema.org","@graph":[{"@type":"Article","@id":"https:\/\/www.ccts-cprst.ca\/fr\/le-crtc-entame-une-procedure-dapplication-de-la-loi-contre-optitel-mobile-pour-avoir-omis-dadherer-a-la-cprst\/#article","isPartOf":{"@id":"https:\/\/www.ccts-cprst.ca\/fr\/le-crtc-entame-une-procedure-dapplication-de-la-loi-contre-optitel-mobile-pour-avoir-omis-dadherer-a-la-cprst\/"},"author":{"name":"G A","@id":"https:\/\/www.ccts-cprst.ca\/fr\/#\/schema\/person\/98bbe25cf35ab33e6ac1045a6cab3809"},"headline":"Le CRTC entame une proc\u00e9dure d\u2019application de la loi contre Optitel Mobile pour avoir omis d\u2019adh\u00e9rer \u00e0 la CPRST","datePublished":"2023-03-07T11:30:01+00:00","mainEntityOfPage":{"@id":"https:\/\/www.ccts-cprst.ca\/fr\/le-crtc-entame-une-procedure-dapplication-de-la-loi-contre-optitel-mobile-pour-avoir-omis-dadherer-a-la-cprst\/"},"wordCount":607,"publisher":{"@id":"https:\/\/www.ccts-cprst.ca\/fr\/#organization"},"image":{"@id":"https:\/\/www.ccts-cprst.ca\/fr\/le-crtc-entame-une-procedure-dapplication-de-la-loi-contre-optitel-mobile-pour-avoir-omis-dadherer-a-la-cprst\/#primaryimage"},"thumbnailUrl":"https:\/\/www.ccts-cprst.ca\/wp-content\/uploads\/2017\/07\/Communiqu\u00e9-de-presse.png","articleSection":["Communiqu\u00e9 de presse"],"inLanguage":"fr-FR"},{"@type":"WebPage","@id":"https:\/\/www.ccts-cprst.ca\/fr\/le-crtc-entame-une-procedure-dapplication-de-la-loi-contre-optitel-mobile-pour-avoir-omis-dadherer-a-la-cprst\/","url":"https:\/\/www.ccts-cprst.ca\/fr\/le-crtc-entame-une-procedure-dapplication-de-la-loi-contre-optitel-mobile-pour-avoir-omis-dadherer-a-la-cprst\/","name":"Le CRTC entame une proc\u00e9dure d\u2019application de la loi contre Optitel Mobile pour avoir omis d\u2019adh\u00e9rer \u00e0 la CPRST - CPRST","isPartOf":{"@id":"https:\/\/www.ccts-cprst.ca\/fr\/#website"},"primaryImageOfPage":{"@id":"https:\/\/www.ccts-cprst.ca\/fr\/le-crtc-entame-une-procedure-dapplication-de-la-loi-contre-optitel-mobile-pour-avoir-omis-dadherer-a-la-cprst\/#primaryimage"},"image":{"@id":"https:\/\/www.ccts-cprst.ca\/fr\/le-crtc-entame-une-procedure-dapplication-de-la-loi-contre-optitel-mobile-pour-avoir-omis-dadherer-a-la-cprst\/#primaryimage"},"thumbnailUrl":"https:\/\/www.ccts-cprst.ca\/wp-content\/uploads\/2017\/07\/Communiqu\u00e9-de-presse.png","datePublished":"2023-03-07T11:30:01+00:00","breadcrumb":{"@id":"https:\/\/www.ccts-cprst.ca\/fr\/le-crtc-entame-une-procedure-dapplication-de-la-loi-contre-optitel-mobile-pour-avoir-omis-dadherer-a-la-cprst\/#breadcrumb"},"inLanguage":"fr-FR","potentialAction":[{"@type":"ReadAction","target":["https:\/\/www.ccts-cprst.ca\/fr\/le-crtc-entame-une-procedure-dapplication-de-la-loi-contre-optitel-mobile-pour-avoir-omis-dadherer-a-la-cprst\/"]}]},{"@type":"ImageObject","inLanguage":"fr-FR","@id":"https:\/\/www.ccts-cprst.ca\/fr\/le-crtc-entame-une-procedure-dapplication-de-la-loi-contre-optitel-mobile-pour-avoir-omis-dadherer-a-la-cprst\/#primaryimage","url":"https:\/\/www.ccts-cprst.ca\/wp-content\/uploads\/2017\/07\/Communiqu\u00e9-de-presse.png","contentUrl":"https:\/\/www.ccts-cprst.ca\/wp-content\/uploads\/2017\/07\/Communiqu\u00e9-de-presse.png","width":805,"height":210,"caption":"Communiqu\u00e9 de presse"},{"@type":"BreadcrumbList","@id":"https:\/\/www.ccts-cprst.ca\/fr\/le-crtc-entame-une-procedure-dapplication-de-la-loi-contre-optitel-mobile-pour-avoir-omis-dadherer-a-la-cprst\/#breadcrumb","itemListElement":[{"@type":"ListItem","position":1,"name":"Home","item":"https:\/\/www.ccts-cprst.ca\/fr\/"},{"@type":"ListItem","position":2,"name":"Le CRTC entame une proc\u00e9dure d\u2019application de la loi contre Optitel Mobile pour avoir omis d\u2019adh\u00e9rer \u00e0 la CPRST"}]},{"@type":"WebSite","@id":"https:\/\/www.ccts-cprst.ca\/fr\/#website","url":"https:\/\/www.ccts-cprst.ca\/fr\/","name":"CCTS \/ CPRST","description":"","publisher":{"@id":"https:\/\/www.ccts-cprst.ca\/fr\/#organization"},"potentialAction":[{"@type":"SearchAction","target":{"@type":"EntryPoint","urlTemplate":"https:\/\/www.ccts-cprst.ca\/fr\/?s={search_term_string}"},"query-input":{"@type":"PropertyValueSpecification","valueRequired":true,"valueName":"search_term_string"}}],"inLanguage":"fr-FR"},{"@type":"Organization","@id":"https:\/\/www.ccts-cprst.ca\/fr\/#organization","name":"CCTS \/ CPRST","url":"https:\/\/www.ccts-cprst.ca\/fr\/","logo":{"@type":"ImageObject","inLanguage":"fr-FR","@id":"https:\/\/www.ccts-cprst.ca\/fr\/#\/schema\/logo\/image\/","url":"https:\/\/www.ccts-cprst.ca\/wp-content\/uploads\/2024\/08\/logo-ccts-en.png","contentUrl":"https:\/\/www.ccts-cprst.ca\/wp-content\/uploads\/2024\/08\/logo-ccts-en.png","width":498,"height":180,"caption":"CCTS \/ CPRST"},"image":{"@id":"https:\/\/www.ccts-cprst.ca\/fr\/#\/schema\/logo\/image\/"},"sameAs":["https:\/\/www.facebook.com\/ccts.cprst\/","https:\/\/x.com\/ccts_cprst","https:\/\/www.youtube.com\/channel\/UCLagw5p-R3rIJWUto9wt-5Q","https:\/\/www.linkedin.com\/company\/commission-for-complaints-for-telecom-television-services\/"]},{"@type":"Person","@id":"https:\/\/www.ccts-cprst.ca\/fr\/#\/schema\/person\/98bbe25cf35ab33e6ac1045a6cab3809","name":"G A"}]}},"_links":{"self":[{"href":"https:\/\/www.ccts-cprst.ca\/fr\/wp-json\/wp\/v2\/posts\/8642","targetHints":{"allow":["GET"]}}],"collection":[{"href":"https:\/\/www.ccts-cprst.ca\/fr\/wp-json\/wp\/v2\/posts"}],"about":[{"href":"https:\/\/www.ccts-cprst.ca\/fr\/wp-json\/wp\/v2\/types\/post"}],"author":[{"embeddable":true,"href":"https:\/\/www.ccts-cprst.ca\/fr\/wp-json\/wp\/v2\/users\/15"}],"replies":[{"embeddable":true,"href":"https:\/\/www.ccts-cprst.ca\/fr\/wp-json\/wp\/v2\/comments?post=8642"}],"version-history":[{"count":2,"href":"https:\/\/www.ccts-cprst.ca\/fr\/wp-json\/wp\/v2\/posts\/8642\/revisions"}],"predecessor-version":[{"id":8645,"href":"https:\/\/www.ccts-cprst.ca\/fr\/wp-json\/wp\/v2\/posts\/8642\/revisions\/8645"}],"wp:featuredmedia":[{"embeddable":true,"href":"https:\/\/www.ccts-cprst.ca\/fr\/wp-json\/wp\/v2\/media\/1031"}],"wp:attachment":[{"href":"https:\/\/www.ccts-cprst.ca\/fr\/wp-json\/wp\/v2\/media?parent=8642"}],"wp:term":[{"taxonomy":"category","embeddable":true,"href":"https:\/\/www.ccts-cprst.ca\/fr\/wp-json\/wp\/v2\/categories?post=8642"},{"taxonomy":"post_tag","embeddable":true,"href":"https:\/\/www.ccts-cprst.ca\/fr\/wp-json\/wp\/v2\/tags?post=8642"}],"curies":[{"name":"wp","href":"https:\/\/api.w.org\/{rel}","templated":true}]}}