{"id":1518,"date":"2015-05-20T11:21:22","date_gmt":"2015-05-20T15:21:22","guid":{"rendered":"https:\/\/www.ccts-cprst.ca\/?p=1518\/"},"modified":"2017-07-14T11:23:00","modified_gmt":"2017-07-14T15:23:00","slug":"le-cprst-examine-la-decision-de-la-cour-federale","status":"publish","type":"post","link":"https:\/\/www.ccts-cprst.ca\/fr\/le-cprst-examine-la-decision-de-la-cour-federale\/","title":{"rendered":"Le CPRST examine la d\u00e9cision de la Cour f\u00e9d\u00e9rale"},"content":{"rendered":"<h2>Et fera une annonce avant la date d\u2019\u00e9ch\u00e9ance pr\u00e9vue par le Code sur les services sans fil<\/h2>\n<p><strong>Ottawa, le 20 mai 2015\u00a0<\/strong>\u2013 Le Commissaire aux plaintes relatives aux services de t\u00e9l\u00e9communications (CPRST) examine la d\u00e9cision de la Cour d\u2019appel f\u00e9d\u00e9rale confirmant l\u2019entr\u00e9e en vigueur du Code sur les services sans fil le 3 juin 2015.<\/p>\n<p>\u201cNous prenons connaissance de la d\u00e9cision de la cour et en examinons les d\u00e9tails\u201d a indiqu\u00e9 le Commissaire et directeur g\u00e9n\u00e9ral du CPRST, M. Howard Maker. \u201cNous pr\u00e9voyons diffuser un communiqu\u00e9 d\u2019ici le 3 juin afin d\u2019informer les consommateurs, fournisseurs de services et autres parties int\u00e9ress\u00e9es de l\u2019impact de cette d\u00e9cision sur l\u2019application future du Code sur les services sans fil\u201d.<\/p>\n<p>Le Conseil de la radiodiffusion et des t\u00e9l\u00e9communications canadiennes a confi\u00e9 l\u2019administration du Code sur les services sans fil, introduit en d\u00e9cembre 2013, au CPRST.\u00a0<strong>Au sujet du <\/strong><\/p>\n<p>&nbsp;<\/p>\n<p class=\"footnote\"><strong>Commissaire aux plaintes relatives aux services de t\u00e9l\u00e9communications (CPRST)<\/strong>\u00a0Depuis juillet 2007, le CPRST fournit aux clients un m\u00e9canisme ind\u00e9pendant et impartial de r\u00e9solution des plaintes relatives aux services d\u00e9r\u00e9glement\u00e9s de t\u00e9l\u00e9phonie locale et d\u2019interurbains, ainsi que des services sans fil et d\u2019acc\u00e8s \u00e0 internet. Cela comprend les questions d\u2019erreurs de facturation, de conformit\u00e9 aux modalit\u00e9s du contrat et aux engagements, de prestation de service, de gestion des cr\u00e9dits et de recouvrement. Visitez notre site web \u00e0 www.ccts-cprst.ca Pour obtenir une entrevue avec le Commissaire ou plus d\u2019informations, veuillez contacter : Paul Carlucci Agent de communication Commissaire aux plaintes relatives aux services de t\u00e9l\u00e9communications (CPRST) courriel : paul.carlucci@ccts-cprst.ca num\u00e9ro sans frais : 1-855-512-9783 twitter: @ccts_cprst facebook : commissaire aux plaintes relatives aux services de t\u00e9l\u00e9communications<\/p>\n","protected":false},"excerpt":{"rendered":"<p>Et fera une annonce avant la date d\u2019\u00e9ch\u00e9ance pr\u00e9vue par le Code sur les services sans fil Ottawa, le 20 mai 2015\u00a0\u2013 Le Commissaire aux plaintes relatives aux services de t\u00e9l\u00e9communications (CPRST) examine la d\u00e9cision de la Cour d\u2019appel f\u00e9d\u00e9rale confirmant l\u2019entr\u00e9e en vigueur du Code sur les services sans fil le 3 juin 2015.<a class=\"excerpt-read-more\" href=\"https:\/\/www.ccts-cprst.ca\/fr\/le-cprst-examine-la-decision-de-la-cour-federale\/\" title=\"LuLe CPRST examine la d\u00e9cision de la Cour f\u00e9d\u00e9rale\">En lire plus &raquo;<\/a><\/p>\n","protected":false},"author":15,"featured_media":1031,"comment_status":"closed","ping_status":"closed","sticky":false,"template":"","format":"standard","meta":{"_acf_changed":false,"_relevanssi_hide_post":"","_relevanssi_hide_content":"","_relevanssi_pin_for_all":"","_relevanssi_pin_keywords":"","_relevanssi_unpin_keywords":"","_relevanssi_related_keywords":"","_relevanssi_related_include_ids":"","_relevanssi_related_exclude_ids":"","_relevanssi_related_no_append":"","_relevanssi_related_not_related":"","_relevanssi_related_posts":"","_relevanssi_noindex_reason":"","footnotes":""},"categories":[61],"tags":[88,29,21],"class_list":["post-1518","post","type-post","status-publish","format-standard","has-post-thumbnail","hentry","category-communique-de-presse","tag-cour-federale","tag-decision","tag-sans-fil"],"acf":[],"yoast_head":"<!-- This site is optimized with the Yoast SEO plugin v26.9 - https:\/\/yoast.com\/product\/yoast-seo-wordpress\/ -->\n<title>Le CPRST examine la d\u00e9cision de la Cour f\u00e9d\u00e9rale - CPRST<\/title>\n<meta name=\"robots\" content=\"index, follow, max-snippet:-1, max-image-preview:large, max-video-preview:-1\" \/>\n<link rel=\"canonical\" href=\"https:\/\/www.ccts-cprst.ca\/fr\/le-cprst-examine-la-decision-de-la-cour-federale\/\" \/>\n<meta property=\"og:locale\" content=\"fr_FR\" \/>\n<meta property=\"og:type\" content=\"article\" \/>\n<meta property=\"og:title\" content=\"Le CPRST examine la d\u00e9cision de la Cour f\u00e9d\u00e9rale - CPRST\" \/>\n<meta property=\"og:description\" content=\"Et fera une annonce avant la date d\u2019\u00e9ch\u00e9ance pr\u00e9vue par le Code sur les services sans fil Ottawa, le 20 mai 2015\u00a0\u2013 Le Commissaire aux plaintes relatives aux services de t\u00e9l\u00e9communications (CPRST) examine la d\u00e9cision de la Cour d\u2019appel f\u00e9d\u00e9rale confirmant l\u2019entr\u00e9e en vigueur du Code sur les services sans fil le 3 juin 2015.En lire plus &raquo;\" \/>\n<meta property=\"og:url\" content=\"https:\/\/www.ccts-cprst.ca\/fr\/le-cprst-examine-la-decision-de-la-cour-federale\/\" \/>\n<meta property=\"og:site_name\" content=\"CPRST\" \/>\n<meta property=\"article:publisher\" content=\"https:\/\/www.facebook.com\/ccts.cprst\/\" \/>\n<meta property=\"article:published_time\" content=\"2015-05-20T15:21:22+00:00\" \/>\n<meta property=\"article:modified_time\" content=\"2017-07-14T15:23:00+00:00\" \/>\n<meta property=\"og:image\" content=\"https:\/\/www.ccts-cprst.ca\/wp-content\/uploads\/2017\/07\/Communiqu\u00e9-de-presse.png\" \/>\n\t<meta property=\"og:image:width\" content=\"805\" \/>\n\t<meta property=\"og:image:height\" content=\"210\" \/>\n\t<meta property=\"og:image:type\" content=\"image\/png\" \/>\n<meta name=\"author\" content=\"G A\" \/>\n<meta name=\"twitter:card\" content=\"summary_large_image\" \/>\n<meta name=\"twitter:creator\" content=\"@ccts_cprst\" \/>\n<meta name=\"twitter:site\" content=\"@ccts_cprst\" \/>\n<meta name=\"twitter:label1\" content=\"\u00c9crit par\" \/>\n\t<meta name=\"twitter:data1\" content=\"G A\" \/>\n\t<meta name=\"twitter:label2\" content=\"Dur\u00e9e de lecture estim\u00e9e\" \/>\n\t<meta name=\"twitter:data2\" content=\"2 minutes\" \/>\n<script type=\"application\/ld+json\" class=\"yoast-schema-graph\">{\"@context\":\"https:\/\/schema.org\",\"@graph\":[{\"@type\":\"Article\",\"@id\":\"https:\/\/www.ccts-cprst.ca\/fr\/le-cprst-examine-la-decision-de-la-cour-federale\/#article\",\"isPartOf\":{\"@id\":\"https:\/\/www.ccts-cprst.ca\/fr\/le-cprst-examine-la-decision-de-la-cour-federale\/\"},\"author\":{\"name\":\"G A\",\"@id\":\"https:\/\/www.ccts-cprst.ca\/fr\/#\/schema\/person\/98bbe25cf35ab33e6ac1045a6cab3809\"},\"headline\":\"Le CPRST examine la d\u00e9cision de la Cour f\u00e9d\u00e9rale\",\"datePublished\":\"2015-05-20T15:21:22+00:00\",\"dateModified\":\"2017-07-14T15:23:00+00:00\",\"mainEntityOfPage\":{\"@id\":\"https:\/\/www.ccts-cprst.ca\/fr\/le-cprst-examine-la-decision-de-la-cour-federale\/\"},\"wordCount\":326,\"publisher\":{\"@id\":\"https:\/\/www.ccts-cprst.ca\/fr\/#organization\"},\"image\":{\"@id\":\"https:\/\/www.ccts-cprst.ca\/fr\/le-cprst-examine-la-decision-de-la-cour-federale\/#primaryimage\"},\"thumbnailUrl\":\"https:\/\/www.ccts-cprst.ca\/wp-content\/uploads\/2017\/07\/Communiqu\u00e9-de-presse.png\",\"keywords\":[\"cour f\u00e9d\u00e9rale\",\"decision\",\"sans fil\"],\"articleSection\":[\"Communiqu\u00e9 de presse\"],\"inLanguage\":\"fr-FR\"},{\"@type\":\"WebPage\",\"@id\":\"https:\/\/www.ccts-cprst.ca\/fr\/le-cprst-examine-la-decision-de-la-cour-federale\/\",\"url\":\"https:\/\/www.ccts-cprst.ca\/fr\/le-cprst-examine-la-decision-de-la-cour-federale\/\",\"name\":\"Le CPRST examine la d\u00e9cision de la Cour f\u00e9d\u00e9rale - CPRST\",\"isPartOf\":{\"@id\":\"https:\/\/www.ccts-cprst.ca\/fr\/#website\"},\"primaryImageOfPage\":{\"@id\":\"https:\/\/www.ccts-cprst.ca\/fr\/le-cprst-examine-la-decision-de-la-cour-federale\/#primaryimage\"},\"image\":{\"@id\":\"https:\/\/www.ccts-cprst.ca\/fr\/le-cprst-examine-la-decision-de-la-cour-federale\/#primaryimage\"},\"thumbnailUrl\":\"https:\/\/www.ccts-cprst.ca\/wp-content\/uploads\/2017\/07\/Communiqu\u00e9-de-presse.png\",\"datePublished\":\"2015-05-20T15:21:22+00:00\",\"dateModified\":\"2017-07-14T15:23:00+00:00\",\"breadcrumb\":{\"@id\":\"https:\/\/www.ccts-cprst.ca\/fr\/le-cprst-examine-la-decision-de-la-cour-federale\/#breadcrumb\"},\"inLanguage\":\"fr-FR\",\"potentialAction\":[{\"@type\":\"ReadAction\",\"target\":[\"https:\/\/www.ccts-cprst.ca\/fr\/le-cprst-examine-la-decision-de-la-cour-federale\/\"]}]},{\"@type\":\"ImageObject\",\"inLanguage\":\"fr-FR\",\"@id\":\"https:\/\/www.ccts-cprst.ca\/fr\/le-cprst-examine-la-decision-de-la-cour-federale\/#primaryimage\",\"url\":\"https:\/\/www.ccts-cprst.ca\/wp-content\/uploads\/2017\/07\/Communiqu\u00e9-de-presse.png\",\"contentUrl\":\"https:\/\/www.ccts-cprst.ca\/wp-content\/uploads\/2017\/07\/Communiqu\u00e9-de-presse.png\",\"width\":805,\"height\":210,\"caption\":\"Communiqu\u00e9 de presse\"},{\"@type\":\"BreadcrumbList\",\"@id\":\"https:\/\/www.ccts-cprst.ca\/fr\/le-cprst-examine-la-decision-de-la-cour-federale\/#breadcrumb\",\"itemListElement\":[{\"@type\":\"ListItem\",\"position\":1,\"name\":\"Home\",\"item\":\"https:\/\/www.ccts-cprst.ca\/fr\/\"},{\"@type\":\"ListItem\",\"position\":2,\"name\":\"Le CPRST examine la d\u00e9cision de la Cour f\u00e9d\u00e9rale\"}]},{\"@type\":\"WebSite\",\"@id\":\"https:\/\/www.ccts-cprst.ca\/fr\/#website\",\"url\":\"https:\/\/www.ccts-cprst.ca\/fr\/\",\"name\":\"CCTS \/ CPRST\",\"description\":\"\",\"publisher\":{\"@id\":\"https:\/\/www.ccts-cprst.ca\/fr\/#organization\"},\"potentialAction\":[{\"@type\":\"SearchAction\",\"target\":{\"@type\":\"EntryPoint\",\"urlTemplate\":\"https:\/\/www.ccts-cprst.ca\/fr\/?s={search_term_string}\"},\"query-input\":{\"@type\":\"PropertyValueSpecification\",\"valueRequired\":true,\"valueName\":\"search_term_string\"}}],\"inLanguage\":\"fr-FR\"},{\"@type\":\"Organization\",\"@id\":\"https:\/\/www.ccts-cprst.ca\/fr\/#organization\",\"name\":\"CCTS \/ CPRST\",\"url\":\"https:\/\/www.ccts-cprst.ca\/fr\/\",\"logo\":{\"@type\":\"ImageObject\",\"inLanguage\":\"fr-FR\",\"@id\":\"https:\/\/www.ccts-cprst.ca\/fr\/#\/schema\/logo\/image\/\",\"url\":\"https:\/\/www.ccts-cprst.ca\/wp-content\/uploads\/2024\/08\/logo-ccts-en.png\",\"contentUrl\":\"https:\/\/www.ccts-cprst.ca\/wp-content\/uploads\/2024\/08\/logo-ccts-en.png\",\"width\":498,\"height\":180,\"caption\":\"CCTS \/ CPRST\"},\"image\":{\"@id\":\"https:\/\/www.ccts-cprst.ca\/fr\/#\/schema\/logo\/image\/\"},\"sameAs\":[\"https:\/\/www.facebook.com\/ccts.cprst\/\",\"https:\/\/x.com\/ccts_cprst\",\"https:\/\/www.youtube.com\/channel\/UCLagw5p-R3rIJWUto9wt-5Q\",\"https:\/\/www.linkedin.com\/company\/commission-for-complaints-for-telecom-television-services\/\"]},{\"@type\":\"Person\",\"@id\":\"https:\/\/www.ccts-cprst.ca\/fr\/#\/schema\/person\/98bbe25cf35ab33e6ac1045a6cab3809\",\"name\":\"G A\"}]}<\/script>\n<!-- \/ Yoast SEO plugin. -->","yoast_head_json":{"title":"Le CPRST examine la d\u00e9cision de la Cour f\u00e9d\u00e9rale - CPRST","robots":{"index":"index","follow":"follow","max-snippet":"max-snippet:-1","max-image-preview":"max-image-preview:large","max-video-preview":"max-video-preview:-1"},"canonical":"https:\/\/www.ccts-cprst.ca\/fr\/le-cprst-examine-la-decision-de-la-cour-federale\/","og_locale":"fr_FR","og_type":"article","og_title":"Le CPRST examine la d\u00e9cision de la Cour f\u00e9d\u00e9rale - CPRST","og_description":"Et fera une annonce avant la date d\u2019\u00e9ch\u00e9ance pr\u00e9vue par le Code sur les services sans fil Ottawa, le 20 mai 2015\u00a0\u2013 Le Commissaire aux plaintes relatives aux services de t\u00e9l\u00e9communications (CPRST) examine la d\u00e9cision de la Cour d\u2019appel f\u00e9d\u00e9rale confirmant l\u2019entr\u00e9e en vigueur du Code sur les services sans fil le 3 juin 2015.En lire plus &raquo;","og_url":"https:\/\/www.ccts-cprst.ca\/fr\/le-cprst-examine-la-decision-de-la-cour-federale\/","og_site_name":"CPRST","article_publisher":"https:\/\/www.facebook.com\/ccts.cprst\/","article_published_time":"2015-05-20T15:21:22+00:00","article_modified_time":"2017-07-14T15:23:00+00:00","og_image":[{"width":805,"height":210,"url":"https:\/\/www.ccts-cprst.ca\/wp-content\/uploads\/2017\/07\/Communiqu\u00e9-de-presse.png","type":"image\/png"}],"author":"G A","twitter_card":"summary_large_image","twitter_creator":"@ccts_cprst","twitter_site":"@ccts_cprst","twitter_misc":{"\u00c9crit par":"G A","Dur\u00e9e de lecture estim\u00e9e":"2 minutes"},"schema":{"@context":"https:\/\/schema.org","@graph":[{"@type":"Article","@id":"https:\/\/www.ccts-cprst.ca\/fr\/le-cprst-examine-la-decision-de-la-cour-federale\/#article","isPartOf":{"@id":"https:\/\/www.ccts-cprst.ca\/fr\/le-cprst-examine-la-decision-de-la-cour-federale\/"},"author":{"name":"G A","@id":"https:\/\/www.ccts-cprst.ca\/fr\/#\/schema\/person\/98bbe25cf35ab33e6ac1045a6cab3809"},"headline":"Le CPRST examine la d\u00e9cision de la Cour f\u00e9d\u00e9rale","datePublished":"2015-05-20T15:21:22+00:00","dateModified":"2017-07-14T15:23:00+00:00","mainEntityOfPage":{"@id":"https:\/\/www.ccts-cprst.ca\/fr\/le-cprst-examine-la-decision-de-la-cour-federale\/"},"wordCount":326,"publisher":{"@id":"https:\/\/www.ccts-cprst.ca\/fr\/#organization"},"image":{"@id":"https:\/\/www.ccts-cprst.ca\/fr\/le-cprst-examine-la-decision-de-la-cour-federale\/#primaryimage"},"thumbnailUrl":"https:\/\/www.ccts-cprst.ca\/wp-content\/uploads\/2017\/07\/Communiqu\u00e9-de-presse.png","keywords":["cour f\u00e9d\u00e9rale","decision","sans fil"],"articleSection":["Communiqu\u00e9 de presse"],"inLanguage":"fr-FR"},{"@type":"WebPage","@id":"https:\/\/www.ccts-cprst.ca\/fr\/le-cprst-examine-la-decision-de-la-cour-federale\/","url":"https:\/\/www.ccts-cprst.ca\/fr\/le-cprst-examine-la-decision-de-la-cour-federale\/","name":"Le CPRST examine la d\u00e9cision de la Cour f\u00e9d\u00e9rale - CPRST","isPartOf":{"@id":"https:\/\/www.ccts-cprst.ca\/fr\/#website"},"primaryImageOfPage":{"@id":"https:\/\/www.ccts-cprst.ca\/fr\/le-cprst-examine-la-decision-de-la-cour-federale\/#primaryimage"},"image":{"@id":"https:\/\/www.ccts-cprst.ca\/fr\/le-cprst-examine-la-decision-de-la-cour-federale\/#primaryimage"},"thumbnailUrl":"https:\/\/www.ccts-cprst.ca\/wp-content\/uploads\/2017\/07\/Communiqu\u00e9-de-presse.png","datePublished":"2015-05-20T15:21:22+00:00","dateModified":"2017-07-14T15:23:00+00:00","breadcrumb":{"@id":"https:\/\/www.ccts-cprst.ca\/fr\/le-cprst-examine-la-decision-de-la-cour-federale\/#breadcrumb"},"inLanguage":"fr-FR","potentialAction":[{"@type":"ReadAction","target":["https:\/\/www.ccts-cprst.ca\/fr\/le-cprst-examine-la-decision-de-la-cour-federale\/"]}]},{"@type":"ImageObject","inLanguage":"fr-FR","@id":"https:\/\/www.ccts-cprst.ca\/fr\/le-cprst-examine-la-decision-de-la-cour-federale\/#primaryimage","url":"https:\/\/www.ccts-cprst.ca\/wp-content\/uploads\/2017\/07\/Communiqu\u00e9-de-presse.png","contentUrl":"https:\/\/www.ccts-cprst.ca\/wp-content\/uploads\/2017\/07\/Communiqu\u00e9-de-presse.png","width":805,"height":210,"caption":"Communiqu\u00e9 de presse"},{"@type":"BreadcrumbList","@id":"https:\/\/www.ccts-cprst.ca\/fr\/le-cprst-examine-la-decision-de-la-cour-federale\/#breadcrumb","itemListElement":[{"@type":"ListItem","position":1,"name":"Home","item":"https:\/\/www.ccts-cprst.ca\/fr\/"},{"@type":"ListItem","position":2,"name":"Le CPRST examine la d\u00e9cision de la Cour f\u00e9d\u00e9rale"}]},{"@type":"WebSite","@id":"https:\/\/www.ccts-cprst.ca\/fr\/#website","url":"https:\/\/www.ccts-cprst.ca\/fr\/","name":"CCTS \/ CPRST","description":"","publisher":{"@id":"https:\/\/www.ccts-cprst.ca\/fr\/#organization"},"potentialAction":[{"@type":"SearchAction","target":{"@type":"EntryPoint","urlTemplate":"https:\/\/www.ccts-cprst.ca\/fr\/?s={search_term_string}"},"query-input":{"@type":"PropertyValueSpecification","valueRequired":true,"valueName":"search_term_string"}}],"inLanguage":"fr-FR"},{"@type":"Organization","@id":"https:\/\/www.ccts-cprst.ca\/fr\/#organization","name":"CCTS \/ CPRST","url":"https:\/\/www.ccts-cprst.ca\/fr\/","logo":{"@type":"ImageObject","inLanguage":"fr-FR","@id":"https:\/\/www.ccts-cprst.ca\/fr\/#\/schema\/logo\/image\/","url":"https:\/\/www.ccts-cprst.ca\/wp-content\/uploads\/2024\/08\/logo-ccts-en.png","contentUrl":"https:\/\/www.ccts-cprst.ca\/wp-content\/uploads\/2024\/08\/logo-ccts-en.png","width":498,"height":180,"caption":"CCTS \/ CPRST"},"image":{"@id":"https:\/\/www.ccts-cprst.ca\/fr\/#\/schema\/logo\/image\/"},"sameAs":["https:\/\/www.facebook.com\/ccts.cprst\/","https:\/\/x.com\/ccts_cprst","https:\/\/www.youtube.com\/channel\/UCLagw5p-R3rIJWUto9wt-5Q","https:\/\/www.linkedin.com\/company\/commission-for-complaints-for-telecom-television-services\/"]},{"@type":"Person","@id":"https:\/\/www.ccts-cprst.ca\/fr\/#\/schema\/person\/98bbe25cf35ab33e6ac1045a6cab3809","name":"G A"}]}},"_links":{"self":[{"href":"https:\/\/www.ccts-cprst.ca\/fr\/wp-json\/wp\/v2\/posts\/1518","targetHints":{"allow":["GET"]}}],"collection":[{"href":"https:\/\/www.ccts-cprst.ca\/fr\/wp-json\/wp\/v2\/posts"}],"about":[{"href":"https:\/\/www.ccts-cprst.ca\/fr\/wp-json\/wp\/v2\/types\/post"}],"author":[{"embeddable":true,"href":"https:\/\/www.ccts-cprst.ca\/fr\/wp-json\/wp\/v2\/users\/15"}],"replies":[{"embeddable":true,"href":"https:\/\/www.ccts-cprst.ca\/fr\/wp-json\/wp\/v2\/comments?post=1518"}],"version-history":[{"count":1,"href":"https:\/\/www.ccts-cprst.ca\/fr\/wp-json\/wp\/v2\/posts\/1518\/revisions"}],"predecessor-version":[{"id":1520,"href":"https:\/\/www.ccts-cprst.ca\/fr\/wp-json\/wp\/v2\/posts\/1518\/revisions\/1520"}],"wp:featuredmedia":[{"embeddable":true,"href":"https:\/\/www.ccts-cprst.ca\/fr\/wp-json\/wp\/v2\/media\/1031"}],"wp:attachment":[{"href":"https:\/\/www.ccts-cprst.ca\/fr\/wp-json\/wp\/v2\/media?parent=1518"}],"wp:term":[{"taxonomy":"category","embeddable":true,"href":"https:\/\/www.ccts-cprst.ca\/fr\/wp-json\/wp\/v2\/categories?post=1518"},{"taxonomy":"post_tag","embeddable":true,"href":"https:\/\/www.ccts-cprst.ca\/fr\/wp-json\/wp\/v2\/tags?post=1518"}],"curies":[{"name":"wp","href":"https:\/\/api.w.org\/{rel}","templated":true}]}}