{"id":1502,"date":"2015-06-17T11:11:32","date_gmt":"2015-06-17T15:11:32","guid":{"rendered":"https:\/\/www.ccts-cprst.ca\/?p=1502\/"},"modified":"2017-07-14T11:13:20","modified_gmt":"2017-07-14T15:13:20","slug":"le-cprst-fera-lobjet-dune-consultation-publique","status":"publish","type":"post","link":"https:\/\/www.ccts-cprst.ca\/fr\/le-cprst-fera-lobjet-dune-consultation-publique\/","title":{"rendered":"Le CPRST fera l\u2019objet d\u2019une consultation publique"},"content":{"rendered":"<h2 style=\"text-align: left;\">Sa structure, son financement et le code sur la t\u00e9l\u00e9vision seront examin\u00e9s<\/h2>\n<p><strong>Ottawa, le 17 juin 2015 \u2013\u00a0<\/strong>Au d\u00e9but du mois, le Conseil de la radiodiffusion et des t\u00e9l\u00e9communications canadiennes (CRTC) a annonc\u00e9 la tenue d\u2019un examen de la structure et du mandat du Commissaire aux plaintes relatives aux services de t\u00e9l\u00e9communications (CPRST), un processus de consultation publique au terme duquel le CPRST pourrait se voir confier la mission d\u2019administrer un code de conduite sur la t\u00e9l\u00e9vision.<\/p>\n<p>Dans son avis du\u00a0<a href=\"http:\/\/www.crtc.gc.ca\/fra\/archive\/2015\/2015-239.htm?utm_source=rss&amp;utm_medium=site&amp;utm_campaign=clks\" target=\"_blank\" rel=\"noopener noreferrer\">4 juin<\/a>, l\u2019organisation note que plusieurs Canadiens ach\u00e8tent leurs services de t\u00e9l\u00e9vision des m\u00eames compagnies qui leur vendent les services de t\u00e9l\u00e9phonie filaire, de t\u00e9l\u00e9phonie sans fil et d\u2019internet. Le Conseil est d\u2019avis qu\u2019il serait donc judicieux d\u2019\u00e9tendre le mandat du CPRST \u00e0 l\u2019administration d\u2019un code de conduite des fournisseurs de services de t\u00e9l\u00e9vision. La consultation r\u00e9coltera \u00e9galement les commentaires du public et des parties int\u00e9ress\u00e9es au sujet de la nature et de la qualit\u00e9 des services offerts par le CPRST, de la sensibilisation du public envers l\u2019organisation, de l\u2019adh\u00e9sion des fournisseurs de services de t\u00e9l\u00e9communication et d\u2019autres questions relatives au mandat, activit\u00e9s, structure et financement.<\/p>\n<p>La consultation sera organis\u00e9e en fonction d\u2019une s\u00e9rie de sujets de discussions, dont un des principaux sera celui de l\u2019administration d\u2019un code sur la t\u00e9l\u00e9vision. Consid\u00e9rant que 99 pour cent des m\u00e9nages canadiens sont abonn\u00e9s \u00e0 un service t\u00e9l\u00e9phonique, 85 pour cent \u00e0 un service de t\u00e9l\u00e9vision et 70 pour cent \u00e0 un service d\u2019internet \u00e0 haute vitesse, le CRTC veut savoir si les services du CPRST r\u00e9pondent aux besoins des consommateurs et si les commentaires des consommateurs sont recueillis de mani\u00e8re efficace. Les consommateurs de services de t\u00e9l\u00e9communication qui ont d\u00e9pos\u00e9 plaintes au CPRST se voient demander d\u2019\u00e9valuer leur exp\u00e9rience. La sensibilisation publique au CPRST sera aussi un \u00e9l\u00e9ment important de la consultation. Le Conseil entend discuter d\u2019une vari\u00e9t\u00e9 de strat\u00e9gies de communications, incluant l\u2019utilisation d\u2019un public cible et des m\u00e9thodes de prestations. La discussion portera \u00e9galement sur les exigences de participation des fournisseurs de services. Pr\u00e9sentement, la participation est obligatoire mais cette exigence prendra fin le 20 d\u00e9cembre 2015.<\/p>\n<p>Le CRTC souhaite discuter de la reconduction de ce mod\u00e8le. La consultation se terminera par une discussion sur la structure et le mod\u00e8le de financement du CPRST. Est-ce que les gens sont satisfaits du conseil d\u2019administration de l\u2019organisation, de sa composition, de la structure de son syst\u00e8me de votes? Est-ce qu\u2019il est adapt\u00e9 \u00e0 un \u00e9ventuel mandat \u00e9tendu? Qu\u2019en est-il du financement? Est-ce que le mod\u00e8le du CPRST est appropri\u00e9? Est-ce qu\u2019il devrait \u00eatre modifi\u00e9 si l\u2019organisation se voit confier la t\u00e2che d\u2019administrer un code sur la t\u00e9l\u00e9vision? Le CRTC a demand\u00e9 au CPRST et \u00e0 quelques fournisseurs de r\u00e9pondre \u00e0 ses demandes d\u2019informations d\u2019ici le 20 juillet 2015. Une audience publique d\u00e9butera le 3 novembre et prendra fin au plus tard le 6 novembre. Les parties int\u00e9ress\u00e9es \u00e0 pr\u00e9senter leurs observations doivent faire une demande de statut d\u2019intervenant d\u2019ici le 4 ao\u00fbt. Les commentaires doivent \u00eatre d\u00e9pos\u00e9s d\u2019ici le 20 ao\u00fbt. L\u2019audience aura lieu \u00e0 Gatineau et un forum de discussion en ligne se tiendra du 3 au 9 novembre.<\/p>\n<p>&nbsp;<\/p>\n<p>&nbsp;<\/p>\n<p class=\"footnote\"><strong>Au sujet du Commissaire aux plaintes relatives aux services de t\u00e9l\u00e9communications (CPRST)<\/strong>\u00a0Depuis juillet 2007, le CPRST fournit aux clients un m\u00e9canisme ind\u00e9pendant et impartial de r\u00e9solution des plaintes relatives aux services d\u00e9r\u00e9glement\u00e9s de t\u00e9l\u00e9phonie locale et d\u2019interurbains ainsi que des services sans fil et d\u2019acc\u00e8s \u00e0 internet. Cela comprend les questions d\u2019erreurs de facturation, de conformit\u00e9 aux modalit\u00e9s du contrat et aux engagements, de prestation de service, de gestion des cr\u00e9dits et de recouvrement. Visitez notre site web \u00e0\u00a0<a href=\"https:\/\/www.ccts-cprst.ca\">www.ccts-cprst.ca<\/a>\u00a0Pour obtenir une entrevue avec le commissaire ou plus d\u2019informations, veuillez contacter : Paul Carlucci Agent de communication Commissaire aux plaintes relatives aux services de t\u00e9l\u00e9communications (CPRST) courriel :\u00a0<a href=\"mailto:paul.carlucci@ccts-cprst.ca\">paul.carlucci@ccts-cprst.ca<\/a>\u00a0num\u00e9ro sans frais : 1-855-512-9783 twitter: @ccts_cprst facebook : commissaire aux plaintes relatives aux services de t\u00e9l\u00e9communications<\/p>\n","protected":false},"excerpt":{"rendered":"<p>Sa structure, son financement et le code sur la t\u00e9l\u00e9vision seront examin\u00e9s Ottawa, le 17 juin 2015 \u2013\u00a0Au d\u00e9but du mois, le Conseil de la radiodiffusion et des t\u00e9l\u00e9communications canadiennes (CRTC) a annonc\u00e9 la tenue d\u2019un examen de la structure et du mandat du Commissaire aux plaintes relatives aux services de t\u00e9l\u00e9communications (CPRST), un processus<a class=\"excerpt-read-more\" href=\"https:\/\/www.ccts-cprst.ca\/fr\/le-cprst-fera-lobjet-dune-consultation-publique\/\" title=\"LuLe CPRST fera l\u2019objet d\u2019une consultation publique\">En lire plus &raquo;<\/a><\/p>\n","protected":false},"author":15,"featured_media":1031,"comment_status":"closed","ping_status":"closed","sticky":false,"template":"","format":"standard","meta":{"_acf_changed":false,"_relevanssi_hide_post":"","_relevanssi_hide_content":"","_relevanssi_pin_for_all":"","_relevanssi_pin_keywords":"","_relevanssi_unpin_keywords":"","_relevanssi_related_keywords":"","_relevanssi_related_include_ids":"","_relevanssi_related_exclude_ids":"","_relevanssi_related_no_append":"","_relevanssi_related_not_related":"","_relevanssi_related_posts":"","_relevanssi_noindex_reason":"","footnotes":""},"categories":[61],"tags":[20,84,39],"class_list":["post-1502","post","type-post","status-publish","format-standard","has-post-thumbnail","hentry","category-communique-de-presse","tag-code","tag-consultation-publique","tag-television"],"acf":[],"yoast_head":"<!-- This site is optimized with the Yoast SEO plugin v26.9 - https:\/\/yoast.com\/product\/yoast-seo-wordpress\/ -->\n<title>Le CPRST fera l\u2019objet d\u2019une consultation publique - CPRST<\/title>\n<meta name=\"robots\" content=\"index, follow, max-snippet:-1, max-image-preview:large, max-video-preview:-1\" \/>\n<link rel=\"canonical\" href=\"https:\/\/www.ccts-cprst.ca\/fr\/le-cprst-fera-lobjet-dune-consultation-publique\/\" \/>\n<meta property=\"og:locale\" content=\"fr_FR\" \/>\n<meta property=\"og:type\" content=\"article\" \/>\n<meta property=\"og:title\" content=\"Le CPRST fera l\u2019objet d\u2019une consultation publique - CPRST\" \/>\n<meta property=\"og:description\" content=\"Sa structure, son financement et le code sur la t\u00e9l\u00e9vision seront examin\u00e9s Ottawa, le 17 juin 2015 \u2013\u00a0Au d\u00e9but du mois, le Conseil de la radiodiffusion et des t\u00e9l\u00e9communications canadiennes (CRTC) a annonc\u00e9 la tenue d\u2019un examen de la structure et du mandat du Commissaire aux plaintes relatives aux services de t\u00e9l\u00e9communications (CPRST), un processusEn lire plus &raquo;\" \/>\n<meta property=\"og:url\" content=\"https:\/\/www.ccts-cprst.ca\/fr\/le-cprst-fera-lobjet-dune-consultation-publique\/\" \/>\n<meta property=\"og:site_name\" content=\"CPRST\" \/>\n<meta property=\"article:publisher\" content=\"https:\/\/www.facebook.com\/ccts.cprst\/\" \/>\n<meta property=\"article:published_time\" content=\"2015-06-17T15:11:32+00:00\" \/>\n<meta property=\"article:modified_time\" content=\"2017-07-14T15:13:20+00:00\" \/>\n<meta property=\"og:image\" content=\"https:\/\/www.ccts-cprst.ca\/wp-content\/uploads\/2017\/07\/Communiqu\u00e9-de-presse.png\" \/>\n\t<meta property=\"og:image:width\" content=\"805\" \/>\n\t<meta property=\"og:image:height\" content=\"210\" \/>\n\t<meta property=\"og:image:type\" content=\"image\/png\" \/>\n<meta name=\"author\" content=\"G A\" \/>\n<meta name=\"twitter:card\" content=\"summary_large_image\" \/>\n<meta name=\"twitter:creator\" content=\"@ccts_cprst\" \/>\n<meta name=\"twitter:site\" content=\"@ccts_cprst\" \/>\n<meta name=\"twitter:label1\" content=\"\u00c9crit par\" \/>\n\t<meta name=\"twitter:data1\" content=\"G A\" \/>\n\t<meta name=\"twitter:label2\" content=\"Dur\u00e9e de lecture estim\u00e9e\" \/>\n\t<meta name=\"twitter:data2\" content=\"4 minutes\" \/>\n<script type=\"application\/ld+json\" class=\"yoast-schema-graph\">{\"@context\":\"https:\/\/schema.org\",\"@graph\":[{\"@type\":\"Article\",\"@id\":\"https:\/\/www.ccts-cprst.ca\/fr\/le-cprst-fera-lobjet-dune-consultation-publique\/#article\",\"isPartOf\":{\"@id\":\"https:\/\/www.ccts-cprst.ca\/fr\/le-cprst-fera-lobjet-dune-consultation-publique\/\"},\"author\":{\"name\":\"G A\",\"@id\":\"https:\/\/www.ccts-cprst.ca\/fr\/#\/schema\/person\/98bbe25cf35ab33e6ac1045a6cab3809\"},\"headline\":\"Le CPRST fera l\u2019objet d\u2019une consultation publique\",\"datePublished\":\"2015-06-17T15:11:32+00:00\",\"dateModified\":\"2017-07-14T15:13:20+00:00\",\"mainEntityOfPage\":{\"@id\":\"https:\/\/www.ccts-cprst.ca\/fr\/le-cprst-fera-lobjet-dune-consultation-publique\/\"},\"wordCount\":754,\"publisher\":{\"@id\":\"https:\/\/www.ccts-cprst.ca\/fr\/#organization\"},\"image\":{\"@id\":\"https:\/\/www.ccts-cprst.ca\/fr\/le-cprst-fera-lobjet-dune-consultation-publique\/#primaryimage\"},\"thumbnailUrl\":\"https:\/\/www.ccts-cprst.ca\/wp-content\/uploads\/2017\/07\/Communiqu\u00e9-de-presse.png\",\"keywords\":[\"code\",\"consultation publique\",\"t\u00e9l\u00e9vision\"],\"articleSection\":[\"Communiqu\u00e9 de presse\"],\"inLanguage\":\"fr-FR\"},{\"@type\":\"WebPage\",\"@id\":\"https:\/\/www.ccts-cprst.ca\/fr\/le-cprst-fera-lobjet-dune-consultation-publique\/\",\"url\":\"https:\/\/www.ccts-cprst.ca\/fr\/le-cprst-fera-lobjet-dune-consultation-publique\/\",\"name\":\"Le CPRST fera l\u2019objet d\u2019une consultation publique - CPRST\",\"isPartOf\":{\"@id\":\"https:\/\/www.ccts-cprst.ca\/fr\/#website\"},\"primaryImageOfPage\":{\"@id\":\"https:\/\/www.ccts-cprst.ca\/fr\/le-cprst-fera-lobjet-dune-consultation-publique\/#primaryimage\"},\"image\":{\"@id\":\"https:\/\/www.ccts-cprst.ca\/fr\/le-cprst-fera-lobjet-dune-consultation-publique\/#primaryimage\"},\"thumbnailUrl\":\"https:\/\/www.ccts-cprst.ca\/wp-content\/uploads\/2017\/07\/Communiqu\u00e9-de-presse.png\",\"datePublished\":\"2015-06-17T15:11:32+00:00\",\"dateModified\":\"2017-07-14T15:13:20+00:00\",\"breadcrumb\":{\"@id\":\"https:\/\/www.ccts-cprst.ca\/fr\/le-cprst-fera-lobjet-dune-consultation-publique\/#breadcrumb\"},\"inLanguage\":\"fr-FR\",\"potentialAction\":[{\"@type\":\"ReadAction\",\"target\":[\"https:\/\/www.ccts-cprst.ca\/fr\/le-cprst-fera-lobjet-dune-consultation-publique\/\"]}]},{\"@type\":\"ImageObject\",\"inLanguage\":\"fr-FR\",\"@id\":\"https:\/\/www.ccts-cprst.ca\/fr\/le-cprst-fera-lobjet-dune-consultation-publique\/#primaryimage\",\"url\":\"https:\/\/www.ccts-cprst.ca\/wp-content\/uploads\/2017\/07\/Communiqu\u00e9-de-presse.png\",\"contentUrl\":\"https:\/\/www.ccts-cprst.ca\/wp-content\/uploads\/2017\/07\/Communiqu\u00e9-de-presse.png\",\"width\":805,\"height\":210,\"caption\":\"Communiqu\u00e9 de presse\"},{\"@type\":\"BreadcrumbList\",\"@id\":\"https:\/\/www.ccts-cprst.ca\/fr\/le-cprst-fera-lobjet-dune-consultation-publique\/#breadcrumb\",\"itemListElement\":[{\"@type\":\"ListItem\",\"position\":1,\"name\":\"Home\",\"item\":\"https:\/\/www.ccts-cprst.ca\/fr\/\"},{\"@type\":\"ListItem\",\"position\":2,\"name\":\"Le CPRST fera l\u2019objet d\u2019une consultation publique\"}]},{\"@type\":\"WebSite\",\"@id\":\"https:\/\/www.ccts-cprst.ca\/fr\/#website\",\"url\":\"https:\/\/www.ccts-cprst.ca\/fr\/\",\"name\":\"CCTS \/ CPRST\",\"description\":\"\",\"publisher\":{\"@id\":\"https:\/\/www.ccts-cprst.ca\/fr\/#organization\"},\"potentialAction\":[{\"@type\":\"SearchAction\",\"target\":{\"@type\":\"EntryPoint\",\"urlTemplate\":\"https:\/\/www.ccts-cprst.ca\/fr\/?s={search_term_string}\"},\"query-input\":{\"@type\":\"PropertyValueSpecification\",\"valueRequired\":true,\"valueName\":\"search_term_string\"}}],\"inLanguage\":\"fr-FR\"},{\"@type\":\"Organization\",\"@id\":\"https:\/\/www.ccts-cprst.ca\/fr\/#organization\",\"name\":\"CCTS \/ CPRST\",\"url\":\"https:\/\/www.ccts-cprst.ca\/fr\/\",\"logo\":{\"@type\":\"ImageObject\",\"inLanguage\":\"fr-FR\",\"@id\":\"https:\/\/www.ccts-cprst.ca\/fr\/#\/schema\/logo\/image\/\",\"url\":\"https:\/\/www.ccts-cprst.ca\/wp-content\/uploads\/2024\/08\/logo-ccts-en.png\",\"contentUrl\":\"https:\/\/www.ccts-cprst.ca\/wp-content\/uploads\/2024\/08\/logo-ccts-en.png\",\"width\":498,\"height\":180,\"caption\":\"CCTS \/ CPRST\"},\"image\":{\"@id\":\"https:\/\/www.ccts-cprst.ca\/fr\/#\/schema\/logo\/image\/\"},\"sameAs\":[\"https:\/\/www.facebook.com\/ccts.cprst\/\",\"https:\/\/x.com\/ccts_cprst\",\"https:\/\/www.youtube.com\/channel\/UCLagw5p-R3rIJWUto9wt-5Q\",\"https:\/\/www.linkedin.com\/company\/commission-for-complaints-for-telecom-television-services\/\"]},{\"@type\":\"Person\",\"@id\":\"https:\/\/www.ccts-cprst.ca\/fr\/#\/schema\/person\/98bbe25cf35ab33e6ac1045a6cab3809\",\"name\":\"G A\"}]}<\/script>\n<!-- \/ Yoast SEO plugin. -->","yoast_head_json":{"title":"Le CPRST fera l\u2019objet d\u2019une consultation publique - CPRST","robots":{"index":"index","follow":"follow","max-snippet":"max-snippet:-1","max-image-preview":"max-image-preview:large","max-video-preview":"max-video-preview:-1"},"canonical":"https:\/\/www.ccts-cprst.ca\/fr\/le-cprst-fera-lobjet-dune-consultation-publique\/","og_locale":"fr_FR","og_type":"article","og_title":"Le CPRST fera l\u2019objet d\u2019une consultation publique - CPRST","og_description":"Sa structure, son financement et le code sur la t\u00e9l\u00e9vision seront examin\u00e9s Ottawa, le 17 juin 2015 \u2013\u00a0Au d\u00e9but du mois, le Conseil de la radiodiffusion et des t\u00e9l\u00e9communications canadiennes (CRTC) a annonc\u00e9 la tenue d\u2019un examen de la structure et du mandat du Commissaire aux plaintes relatives aux services de t\u00e9l\u00e9communications (CPRST), un processusEn lire plus &raquo;","og_url":"https:\/\/www.ccts-cprst.ca\/fr\/le-cprst-fera-lobjet-dune-consultation-publique\/","og_site_name":"CPRST","article_publisher":"https:\/\/www.facebook.com\/ccts.cprst\/","article_published_time":"2015-06-17T15:11:32+00:00","article_modified_time":"2017-07-14T15:13:20+00:00","og_image":[{"width":805,"height":210,"url":"https:\/\/www.ccts-cprst.ca\/wp-content\/uploads\/2017\/07\/Communiqu\u00e9-de-presse.png","type":"image\/png"}],"author":"G A","twitter_card":"summary_large_image","twitter_creator":"@ccts_cprst","twitter_site":"@ccts_cprst","twitter_misc":{"\u00c9crit par":"G A","Dur\u00e9e de lecture estim\u00e9e":"4 minutes"},"schema":{"@context":"https:\/\/schema.org","@graph":[{"@type":"Article","@id":"https:\/\/www.ccts-cprst.ca\/fr\/le-cprst-fera-lobjet-dune-consultation-publique\/#article","isPartOf":{"@id":"https:\/\/www.ccts-cprst.ca\/fr\/le-cprst-fera-lobjet-dune-consultation-publique\/"},"author":{"name":"G A","@id":"https:\/\/www.ccts-cprst.ca\/fr\/#\/schema\/person\/98bbe25cf35ab33e6ac1045a6cab3809"},"headline":"Le CPRST fera l\u2019objet d\u2019une consultation publique","datePublished":"2015-06-17T15:11:32+00:00","dateModified":"2017-07-14T15:13:20+00:00","mainEntityOfPage":{"@id":"https:\/\/www.ccts-cprst.ca\/fr\/le-cprst-fera-lobjet-dune-consultation-publique\/"},"wordCount":754,"publisher":{"@id":"https:\/\/www.ccts-cprst.ca\/fr\/#organization"},"image":{"@id":"https:\/\/www.ccts-cprst.ca\/fr\/le-cprst-fera-lobjet-dune-consultation-publique\/#primaryimage"},"thumbnailUrl":"https:\/\/www.ccts-cprst.ca\/wp-content\/uploads\/2017\/07\/Communiqu\u00e9-de-presse.png","keywords":["code","consultation publique","t\u00e9l\u00e9vision"],"articleSection":["Communiqu\u00e9 de presse"],"inLanguage":"fr-FR"},{"@type":"WebPage","@id":"https:\/\/www.ccts-cprst.ca\/fr\/le-cprst-fera-lobjet-dune-consultation-publique\/","url":"https:\/\/www.ccts-cprst.ca\/fr\/le-cprst-fera-lobjet-dune-consultation-publique\/","name":"Le CPRST fera l\u2019objet d\u2019une consultation publique - CPRST","isPartOf":{"@id":"https:\/\/www.ccts-cprst.ca\/fr\/#website"},"primaryImageOfPage":{"@id":"https:\/\/www.ccts-cprst.ca\/fr\/le-cprst-fera-lobjet-dune-consultation-publique\/#primaryimage"},"image":{"@id":"https:\/\/www.ccts-cprst.ca\/fr\/le-cprst-fera-lobjet-dune-consultation-publique\/#primaryimage"},"thumbnailUrl":"https:\/\/www.ccts-cprst.ca\/wp-content\/uploads\/2017\/07\/Communiqu\u00e9-de-presse.png","datePublished":"2015-06-17T15:11:32+00:00","dateModified":"2017-07-14T15:13:20+00:00","breadcrumb":{"@id":"https:\/\/www.ccts-cprst.ca\/fr\/le-cprst-fera-lobjet-dune-consultation-publique\/#breadcrumb"},"inLanguage":"fr-FR","potentialAction":[{"@type":"ReadAction","target":["https:\/\/www.ccts-cprst.ca\/fr\/le-cprst-fera-lobjet-dune-consultation-publique\/"]}]},{"@type":"ImageObject","inLanguage":"fr-FR","@id":"https:\/\/www.ccts-cprst.ca\/fr\/le-cprst-fera-lobjet-dune-consultation-publique\/#primaryimage","url":"https:\/\/www.ccts-cprst.ca\/wp-content\/uploads\/2017\/07\/Communiqu\u00e9-de-presse.png","contentUrl":"https:\/\/www.ccts-cprst.ca\/wp-content\/uploads\/2017\/07\/Communiqu\u00e9-de-presse.png","width":805,"height":210,"caption":"Communiqu\u00e9 de presse"},{"@type":"BreadcrumbList","@id":"https:\/\/www.ccts-cprst.ca\/fr\/le-cprst-fera-lobjet-dune-consultation-publique\/#breadcrumb","itemListElement":[{"@type":"ListItem","position":1,"name":"Home","item":"https:\/\/www.ccts-cprst.ca\/fr\/"},{"@type":"ListItem","position":2,"name":"Le CPRST fera l\u2019objet d\u2019une consultation publique"}]},{"@type":"WebSite","@id":"https:\/\/www.ccts-cprst.ca\/fr\/#website","url":"https:\/\/www.ccts-cprst.ca\/fr\/","name":"CCTS \/ CPRST","description":"","publisher":{"@id":"https:\/\/www.ccts-cprst.ca\/fr\/#organization"},"potentialAction":[{"@type":"SearchAction","target":{"@type":"EntryPoint","urlTemplate":"https:\/\/www.ccts-cprst.ca\/fr\/?s={search_term_string}"},"query-input":{"@type":"PropertyValueSpecification","valueRequired":true,"valueName":"search_term_string"}}],"inLanguage":"fr-FR"},{"@type":"Organization","@id":"https:\/\/www.ccts-cprst.ca\/fr\/#organization","name":"CCTS \/ CPRST","url":"https:\/\/www.ccts-cprst.ca\/fr\/","logo":{"@type":"ImageObject","inLanguage":"fr-FR","@id":"https:\/\/www.ccts-cprst.ca\/fr\/#\/schema\/logo\/image\/","url":"https:\/\/www.ccts-cprst.ca\/wp-content\/uploads\/2024\/08\/logo-ccts-en.png","contentUrl":"https:\/\/www.ccts-cprst.ca\/wp-content\/uploads\/2024\/08\/logo-ccts-en.png","width":498,"height":180,"caption":"CCTS \/ CPRST"},"image":{"@id":"https:\/\/www.ccts-cprst.ca\/fr\/#\/schema\/logo\/image\/"},"sameAs":["https:\/\/www.facebook.com\/ccts.cprst\/","https:\/\/x.com\/ccts_cprst","https:\/\/www.youtube.com\/channel\/UCLagw5p-R3rIJWUto9wt-5Q","https:\/\/www.linkedin.com\/company\/commission-for-complaints-for-telecom-television-services\/"]},{"@type":"Person","@id":"https:\/\/www.ccts-cprst.ca\/fr\/#\/schema\/person\/98bbe25cf35ab33e6ac1045a6cab3809","name":"G A"}]}},"_links":{"self":[{"href":"https:\/\/www.ccts-cprst.ca\/fr\/wp-json\/wp\/v2\/posts\/1502","targetHints":{"allow":["GET"]}}],"collection":[{"href":"https:\/\/www.ccts-cprst.ca\/fr\/wp-json\/wp\/v2\/posts"}],"about":[{"href":"https:\/\/www.ccts-cprst.ca\/fr\/wp-json\/wp\/v2\/types\/post"}],"author":[{"embeddable":true,"href":"https:\/\/www.ccts-cprst.ca\/fr\/wp-json\/wp\/v2\/users\/15"}],"replies":[{"embeddable":true,"href":"https:\/\/www.ccts-cprst.ca\/fr\/wp-json\/wp\/v2\/comments?post=1502"}],"version-history":[{"count":1,"href":"https:\/\/www.ccts-cprst.ca\/fr\/wp-json\/wp\/v2\/posts\/1502\/revisions"}],"predecessor-version":[{"id":1503,"href":"https:\/\/www.ccts-cprst.ca\/fr\/wp-json\/wp\/v2\/posts\/1502\/revisions\/1503"}],"wp:featuredmedia":[{"embeddable":true,"href":"https:\/\/www.ccts-cprst.ca\/fr\/wp-json\/wp\/v2\/media\/1031"}],"wp:attachment":[{"href":"https:\/\/www.ccts-cprst.ca\/fr\/wp-json\/wp\/v2\/media?parent=1502"}],"wp:term":[{"taxonomy":"category","embeddable":true,"href":"https:\/\/www.ccts-cprst.ca\/fr\/wp-json\/wp\/v2\/categories?post=1502"},{"taxonomy":"post_tag","embeddable":true,"href":"https:\/\/www.ccts-cprst.ca\/fr\/wp-json\/wp\/v2\/tags?post=1502"}],"curies":[{"name":"wp","href":"https:\/\/api.w.org\/{rel}","templated":true}]}}