{"id":1497,"date":"2015-06-02T11:02:17","date_gmt":"2015-06-02T15:02:17","guid":{"rendered":"https:\/\/www.ccts-cprst.ca\/?p=1497\/"},"modified":"2017-07-14T11:03:36","modified_gmt":"2017-07-14T15:03:36","slug":"cprst-invite-le-public-a-une-assemblee-publique-sur-twitter","status":"publish","type":"post","link":"https:\/\/www.ccts-cprst.ca\/fr\/cprst-invite-le-public-a-une-assemblee-publique-sur-twitter\/","title":{"rendered":"CPRST invite le public \u00e0 une assembl\u00e9e publique sur Twitter"},"content":{"rendered":"<h2 style=\"text-align: left;\">Pour r\u00e9pondre aux questions sur le Code sur les services sans fil et son applicabilit\u00e9 compl\u00e8te<\/h2>\n<p><strong>Ottawa, le 2 juin 2015 \u2013\u00a0<\/strong>Le Commissaire aux plaintes relatives aux services de t\u00e9l\u00e9communications (CPRST) tiendra le 7 juillet prochain sa toute premi\u00e8re assembl\u00e9e publique sur Twitter dont le mod\u00e9rateur sera Michael Geist, professeur \u00e0 l\u2019Universit\u00e9 d\u2019Ottawa.<\/p>\n<p>\u00ab Depuis l\u2019entr\u00e9e en vigueur compl\u00e8te du Code sur les services sans fil, le 3 juin 2015, nous avons constat\u00e9 que certaines personnes ne comprennent toujours pas tr\u00e8s bien sa nature et son fonctionnement, a d\u00e9clar\u00e9 Howard Maker, le commissaire et directeur g\u00e9n\u00e9ral du CPRST. Nous croyons que Twitter offre une excellente plateforme pour la discussion, et nous sommes heureux d\u2019avoir un sp\u00e9cialiste tel que le professeur Geist \u00e0 nos c\u00f4t\u00e9s pour nous aider. \u00bb<\/p>\n<p>La s\u00e9ance se tiendra dans les deux langues officielles. Les participants anglophones pourront poser des questions \u00e0 l\u2019aide du mot-clic #wirelesscode. Les participants francophones pourront le faire avec le mot-clic #codesansfil. Le CPRST recueillera les questions pos\u00e9es \u00e0 l\u2019aide de ces deux mots-clics dans les jours qui pr\u00e9c\u00e9deront la s\u00e9ance, qui aura lieu de 13 h 30 \u00e0 14 h 30, Heure de l\u2019Est, le 7 juillet. Suivez-nous sur Twitter : @ccts_cprst<\/p>\n<p>&nbsp;<\/p>\n<p>&nbsp;<\/p>\n<p class=\"footnote\"><strong>Au sujet du Commissaire aux plaintes relatives aux services de t\u00e9l\u00e9communications (CPRST)<\/strong>\u00a0Depuis juillet 2007, le CPRST fournit aux clients un m\u00e9canisme ind\u00e9pendant et impartial de r\u00e9solution des plaintes relatives aux services d\u00e9r\u00e9glement\u00e9s de t\u00e9l\u00e9phonie locale et d\u2019interurbains ainsi que des services sans fil et d\u2019acc\u00e8s \u00e0 internet. Cela comprend les questions d\u2019erreurs de facturation, de conformit\u00e9 aux modalit\u00e9s du contrat et aux engagements, de prestation de service, de gestion des cr\u00e9dits et de recouvrement. Visitez notre site web \u00e0\u00a0<a href=\"https:\/\/www.ccts-cprst.ca\">www.ccts-cprst.ca<\/a>\u00a0Pour obtenir une entrevue avec le commissaire ou plus d\u2019informations, veuillez contacter : Paul Carlucci Agent de communication Commissaire aux plaintes relatives aux services de t\u00e9l\u00e9communications (CPRST) courriel :\u00a0<a href=\"mailto:paul.carlucci@ccts-cprst.ca\">paul.carlucci@ccts-cprst.ca<\/a>\u00a0num\u00e9ro sans frais : 1-855-512-9783 twitter: @ccts_cprst facebook : commissaire aux plaintes relatives aux services de t\u00e9l\u00e9communications<\/p>\n","protected":false},"excerpt":{"rendered":"<p>Pour r\u00e9pondre aux questions sur le Code sur les services sans fil et son applicabilit\u00e9 compl\u00e8te Ottawa, le 2 juin 2015 \u2013\u00a0Le Commissaire aux plaintes relatives aux services de t\u00e9l\u00e9communications (CPRST) tiendra le 7 juillet prochain sa toute premi\u00e8re assembl\u00e9e publique sur Twitter dont le mod\u00e9rateur sera Michael Geist, professeur \u00e0 l\u2019Universit\u00e9 d\u2019Ottawa. \u00ab Depuis<a class=\"excerpt-read-more\" href=\"https:\/\/www.ccts-cprst.ca\/fr\/cprst-invite-le-public-a-une-assemblee-publique-sur-twitter\/\" title=\"LuCPRST invite le public \u00e0 une assembl\u00e9e publique sur Twitter\">En lire plus &raquo;<\/a><\/p>\n","protected":false},"author":15,"featured_media":1031,"comment_status":"closed","ping_status":"closed","sticky":false,"template":"","format":"standard","meta":{"_acf_changed":false,"_relevanssi_hide_post":"","_relevanssi_hide_content":"","_relevanssi_pin_for_all":"","_relevanssi_pin_keywords":"","_relevanssi_unpin_keywords":"","_relevanssi_related_keywords":"","_relevanssi_related_include_ids":"","_relevanssi_related_exclude_ids":"","_relevanssi_related_no_append":"","_relevanssi_related_not_related":"","_relevanssi_related_posts":"","_relevanssi_noindex_reason":"","footnotes":""},"categories":[61],"tags":[82],"class_list":["post-1497","post","type-post","status-publish","format-standard","has-post-thumbnail","hentry","category-communique-de-presse","tag-assemblee-publique"],"acf":[],"yoast_head":"<!-- This site is optimized with the Yoast SEO plugin v26.9 - https:\/\/yoast.com\/product\/yoast-seo-wordpress\/ -->\n<title>CPRST invite le public \u00e0 une assembl\u00e9e publique sur Twitter - CPRST<\/title>\n<meta name=\"robots\" content=\"index, follow, max-snippet:-1, max-image-preview:large, max-video-preview:-1\" \/>\n<link rel=\"canonical\" href=\"https:\/\/www.ccts-cprst.ca\/fr\/cprst-invite-le-public-a-une-assemblee-publique-sur-twitter\/\" \/>\n<meta property=\"og:locale\" content=\"fr_FR\" \/>\n<meta property=\"og:type\" content=\"article\" \/>\n<meta property=\"og:title\" content=\"CPRST invite le public \u00e0 une assembl\u00e9e publique sur Twitter - CPRST\" \/>\n<meta property=\"og:description\" content=\"Pour r\u00e9pondre aux questions sur le Code sur les services sans fil et son applicabilit\u00e9 compl\u00e8te Ottawa, le 2 juin 2015 \u2013\u00a0Le Commissaire aux plaintes relatives aux services de t\u00e9l\u00e9communications (CPRST) tiendra le 7 juillet prochain sa toute premi\u00e8re assembl\u00e9e publique sur Twitter dont le mod\u00e9rateur sera Michael Geist, professeur \u00e0 l\u2019Universit\u00e9 d\u2019Ottawa. \u00ab DepuisEn lire plus &raquo;\" \/>\n<meta property=\"og:url\" content=\"https:\/\/www.ccts-cprst.ca\/fr\/cprst-invite-le-public-a-une-assemblee-publique-sur-twitter\/\" \/>\n<meta property=\"og:site_name\" content=\"CPRST\" \/>\n<meta property=\"article:publisher\" content=\"https:\/\/www.facebook.com\/ccts.cprst\/\" \/>\n<meta property=\"article:published_time\" content=\"2015-06-02T15:02:17+00:00\" \/>\n<meta property=\"article:modified_time\" content=\"2017-07-14T15:03:36+00:00\" \/>\n<meta property=\"og:image\" content=\"https:\/\/www.ccts-cprst.ca\/wp-content\/uploads\/2017\/07\/Communiqu\u00e9-de-presse.png\" \/>\n\t<meta property=\"og:image:width\" content=\"805\" \/>\n\t<meta property=\"og:image:height\" content=\"210\" \/>\n\t<meta property=\"og:image:type\" content=\"image\/png\" \/>\n<meta name=\"author\" content=\"G A\" \/>\n<meta name=\"twitter:card\" content=\"summary_large_image\" \/>\n<meta name=\"twitter:creator\" content=\"@ccts_cprst\" \/>\n<meta name=\"twitter:site\" content=\"@ccts_cprst\" \/>\n<meta name=\"twitter:label1\" content=\"\u00c9crit par\" \/>\n\t<meta name=\"twitter:data1\" content=\"G A\" \/>\n\t<meta name=\"twitter:label2\" content=\"Dur\u00e9e de lecture estim\u00e9e\" \/>\n\t<meta name=\"twitter:data2\" content=\"2 minutes\" \/>\n<script type=\"application\/ld+json\" class=\"yoast-schema-graph\">{\"@context\":\"https:\/\/schema.org\",\"@graph\":[{\"@type\":\"Article\",\"@id\":\"https:\/\/www.ccts-cprst.ca\/fr\/cprst-invite-le-public-a-une-assemblee-publique-sur-twitter\/#article\",\"isPartOf\":{\"@id\":\"https:\/\/www.ccts-cprst.ca\/fr\/cprst-invite-le-public-a-une-assemblee-publique-sur-twitter\/\"},\"author\":{\"name\":\"G A\",\"@id\":\"https:\/\/www.ccts-cprst.ca\/fr\/#\/schema\/person\/98bbe25cf35ab33e6ac1045a6cab3809\"},\"headline\":\"CPRST invite le public \u00e0 une assembl\u00e9e publique sur Twitter\",\"datePublished\":\"2015-06-02T15:02:17+00:00\",\"dateModified\":\"2017-07-14T15:03:36+00:00\",\"mainEntityOfPage\":{\"@id\":\"https:\/\/www.ccts-cprst.ca\/fr\/cprst-invite-le-public-a-une-assemblee-publique-sur-twitter\/\"},\"wordCount\":374,\"publisher\":{\"@id\":\"https:\/\/www.ccts-cprst.ca\/fr\/#organization\"},\"image\":{\"@id\":\"https:\/\/www.ccts-cprst.ca\/fr\/cprst-invite-le-public-a-une-assemblee-publique-sur-twitter\/#primaryimage\"},\"thumbnailUrl\":\"https:\/\/www.ccts-cprst.ca\/wp-content\/uploads\/2017\/07\/Communiqu\u00e9-de-presse.png\",\"keywords\":[\"assembl\u00e9e publique\"],\"articleSection\":[\"Communiqu\u00e9 de presse\"],\"inLanguage\":\"fr-FR\"},{\"@type\":\"WebPage\",\"@id\":\"https:\/\/www.ccts-cprst.ca\/fr\/cprst-invite-le-public-a-une-assemblee-publique-sur-twitter\/\",\"url\":\"https:\/\/www.ccts-cprst.ca\/fr\/cprst-invite-le-public-a-une-assemblee-publique-sur-twitter\/\",\"name\":\"CPRST invite le public \u00e0 une assembl\u00e9e publique sur Twitter - CPRST\",\"isPartOf\":{\"@id\":\"https:\/\/www.ccts-cprst.ca\/fr\/#website\"},\"primaryImageOfPage\":{\"@id\":\"https:\/\/www.ccts-cprst.ca\/fr\/cprst-invite-le-public-a-une-assemblee-publique-sur-twitter\/#primaryimage\"},\"image\":{\"@id\":\"https:\/\/www.ccts-cprst.ca\/fr\/cprst-invite-le-public-a-une-assemblee-publique-sur-twitter\/#primaryimage\"},\"thumbnailUrl\":\"https:\/\/www.ccts-cprst.ca\/wp-content\/uploads\/2017\/07\/Communiqu\u00e9-de-presse.png\",\"datePublished\":\"2015-06-02T15:02:17+00:00\",\"dateModified\":\"2017-07-14T15:03:36+00:00\",\"breadcrumb\":{\"@id\":\"https:\/\/www.ccts-cprst.ca\/fr\/cprst-invite-le-public-a-une-assemblee-publique-sur-twitter\/#breadcrumb\"},\"inLanguage\":\"fr-FR\",\"potentialAction\":[{\"@type\":\"ReadAction\",\"target\":[\"https:\/\/www.ccts-cprst.ca\/fr\/cprst-invite-le-public-a-une-assemblee-publique-sur-twitter\/\"]}]},{\"@type\":\"ImageObject\",\"inLanguage\":\"fr-FR\",\"@id\":\"https:\/\/www.ccts-cprst.ca\/fr\/cprst-invite-le-public-a-une-assemblee-publique-sur-twitter\/#primaryimage\",\"url\":\"https:\/\/www.ccts-cprst.ca\/wp-content\/uploads\/2017\/07\/Communiqu\u00e9-de-presse.png\",\"contentUrl\":\"https:\/\/www.ccts-cprst.ca\/wp-content\/uploads\/2017\/07\/Communiqu\u00e9-de-presse.png\",\"width\":805,\"height\":210,\"caption\":\"Communiqu\u00e9 de presse\"},{\"@type\":\"BreadcrumbList\",\"@id\":\"https:\/\/www.ccts-cprst.ca\/fr\/cprst-invite-le-public-a-une-assemblee-publique-sur-twitter\/#breadcrumb\",\"itemListElement\":[{\"@type\":\"ListItem\",\"position\":1,\"name\":\"Home\",\"item\":\"https:\/\/www.ccts-cprst.ca\/fr\/\"},{\"@type\":\"ListItem\",\"position\":2,\"name\":\"CPRST invite le public \u00e0 une assembl\u00e9e publique sur Twitter\"}]},{\"@type\":\"WebSite\",\"@id\":\"https:\/\/www.ccts-cprst.ca\/fr\/#website\",\"url\":\"https:\/\/www.ccts-cprst.ca\/fr\/\",\"name\":\"CCTS \/ CPRST\",\"description\":\"\",\"publisher\":{\"@id\":\"https:\/\/www.ccts-cprst.ca\/fr\/#organization\"},\"potentialAction\":[{\"@type\":\"SearchAction\",\"target\":{\"@type\":\"EntryPoint\",\"urlTemplate\":\"https:\/\/www.ccts-cprst.ca\/fr\/?s={search_term_string}\"},\"query-input\":{\"@type\":\"PropertyValueSpecification\",\"valueRequired\":true,\"valueName\":\"search_term_string\"}}],\"inLanguage\":\"fr-FR\"},{\"@type\":\"Organization\",\"@id\":\"https:\/\/www.ccts-cprst.ca\/fr\/#organization\",\"name\":\"CCTS \/ CPRST\",\"url\":\"https:\/\/www.ccts-cprst.ca\/fr\/\",\"logo\":{\"@type\":\"ImageObject\",\"inLanguage\":\"fr-FR\",\"@id\":\"https:\/\/www.ccts-cprst.ca\/fr\/#\/schema\/logo\/image\/\",\"url\":\"https:\/\/www.ccts-cprst.ca\/wp-content\/uploads\/2024\/08\/logo-ccts-en.png\",\"contentUrl\":\"https:\/\/www.ccts-cprst.ca\/wp-content\/uploads\/2024\/08\/logo-ccts-en.png\",\"width\":498,\"height\":180,\"caption\":\"CCTS \/ CPRST\"},\"image\":{\"@id\":\"https:\/\/www.ccts-cprst.ca\/fr\/#\/schema\/logo\/image\/\"},\"sameAs\":[\"https:\/\/www.facebook.com\/ccts.cprst\/\",\"https:\/\/x.com\/ccts_cprst\",\"https:\/\/www.youtube.com\/channel\/UCLagw5p-R3rIJWUto9wt-5Q\",\"https:\/\/www.linkedin.com\/company\/commission-for-complaints-for-telecom-television-services\/\"]},{\"@type\":\"Person\",\"@id\":\"https:\/\/www.ccts-cprst.ca\/fr\/#\/schema\/person\/98bbe25cf35ab33e6ac1045a6cab3809\",\"name\":\"G A\"}]}<\/script>\n<!-- \/ Yoast SEO plugin. -->","yoast_head_json":{"title":"CPRST invite le public \u00e0 une assembl\u00e9e publique sur Twitter - CPRST","robots":{"index":"index","follow":"follow","max-snippet":"max-snippet:-1","max-image-preview":"max-image-preview:large","max-video-preview":"max-video-preview:-1"},"canonical":"https:\/\/www.ccts-cprst.ca\/fr\/cprst-invite-le-public-a-une-assemblee-publique-sur-twitter\/","og_locale":"fr_FR","og_type":"article","og_title":"CPRST invite le public \u00e0 une assembl\u00e9e publique sur Twitter - CPRST","og_description":"Pour r\u00e9pondre aux questions sur le Code sur les services sans fil et son applicabilit\u00e9 compl\u00e8te Ottawa, le 2 juin 2015 \u2013\u00a0Le Commissaire aux plaintes relatives aux services de t\u00e9l\u00e9communications (CPRST) tiendra le 7 juillet prochain sa toute premi\u00e8re assembl\u00e9e publique sur Twitter dont le mod\u00e9rateur sera Michael Geist, professeur \u00e0 l\u2019Universit\u00e9 d\u2019Ottawa. \u00ab DepuisEn lire plus &raquo;","og_url":"https:\/\/www.ccts-cprst.ca\/fr\/cprst-invite-le-public-a-une-assemblee-publique-sur-twitter\/","og_site_name":"CPRST","article_publisher":"https:\/\/www.facebook.com\/ccts.cprst\/","article_published_time":"2015-06-02T15:02:17+00:00","article_modified_time":"2017-07-14T15:03:36+00:00","og_image":[{"width":805,"height":210,"url":"https:\/\/www.ccts-cprst.ca\/wp-content\/uploads\/2017\/07\/Communiqu\u00e9-de-presse.png","type":"image\/png"}],"author":"G A","twitter_card":"summary_large_image","twitter_creator":"@ccts_cprst","twitter_site":"@ccts_cprst","twitter_misc":{"\u00c9crit par":"G A","Dur\u00e9e de lecture estim\u00e9e":"2 minutes"},"schema":{"@context":"https:\/\/schema.org","@graph":[{"@type":"Article","@id":"https:\/\/www.ccts-cprst.ca\/fr\/cprst-invite-le-public-a-une-assemblee-publique-sur-twitter\/#article","isPartOf":{"@id":"https:\/\/www.ccts-cprst.ca\/fr\/cprst-invite-le-public-a-une-assemblee-publique-sur-twitter\/"},"author":{"name":"G A","@id":"https:\/\/www.ccts-cprst.ca\/fr\/#\/schema\/person\/98bbe25cf35ab33e6ac1045a6cab3809"},"headline":"CPRST invite le public \u00e0 une assembl\u00e9e publique sur Twitter","datePublished":"2015-06-02T15:02:17+00:00","dateModified":"2017-07-14T15:03:36+00:00","mainEntityOfPage":{"@id":"https:\/\/www.ccts-cprst.ca\/fr\/cprst-invite-le-public-a-une-assemblee-publique-sur-twitter\/"},"wordCount":374,"publisher":{"@id":"https:\/\/www.ccts-cprst.ca\/fr\/#organization"},"image":{"@id":"https:\/\/www.ccts-cprst.ca\/fr\/cprst-invite-le-public-a-une-assemblee-publique-sur-twitter\/#primaryimage"},"thumbnailUrl":"https:\/\/www.ccts-cprst.ca\/wp-content\/uploads\/2017\/07\/Communiqu\u00e9-de-presse.png","keywords":["assembl\u00e9e publique"],"articleSection":["Communiqu\u00e9 de presse"],"inLanguage":"fr-FR"},{"@type":"WebPage","@id":"https:\/\/www.ccts-cprst.ca\/fr\/cprst-invite-le-public-a-une-assemblee-publique-sur-twitter\/","url":"https:\/\/www.ccts-cprst.ca\/fr\/cprst-invite-le-public-a-une-assemblee-publique-sur-twitter\/","name":"CPRST invite le public \u00e0 une assembl\u00e9e publique sur Twitter - CPRST","isPartOf":{"@id":"https:\/\/www.ccts-cprst.ca\/fr\/#website"},"primaryImageOfPage":{"@id":"https:\/\/www.ccts-cprst.ca\/fr\/cprst-invite-le-public-a-une-assemblee-publique-sur-twitter\/#primaryimage"},"image":{"@id":"https:\/\/www.ccts-cprst.ca\/fr\/cprst-invite-le-public-a-une-assemblee-publique-sur-twitter\/#primaryimage"},"thumbnailUrl":"https:\/\/www.ccts-cprst.ca\/wp-content\/uploads\/2017\/07\/Communiqu\u00e9-de-presse.png","datePublished":"2015-06-02T15:02:17+00:00","dateModified":"2017-07-14T15:03:36+00:00","breadcrumb":{"@id":"https:\/\/www.ccts-cprst.ca\/fr\/cprst-invite-le-public-a-une-assemblee-publique-sur-twitter\/#breadcrumb"},"inLanguage":"fr-FR","potentialAction":[{"@type":"ReadAction","target":["https:\/\/www.ccts-cprst.ca\/fr\/cprst-invite-le-public-a-une-assemblee-publique-sur-twitter\/"]}]},{"@type":"ImageObject","inLanguage":"fr-FR","@id":"https:\/\/www.ccts-cprst.ca\/fr\/cprst-invite-le-public-a-une-assemblee-publique-sur-twitter\/#primaryimage","url":"https:\/\/www.ccts-cprst.ca\/wp-content\/uploads\/2017\/07\/Communiqu\u00e9-de-presse.png","contentUrl":"https:\/\/www.ccts-cprst.ca\/wp-content\/uploads\/2017\/07\/Communiqu\u00e9-de-presse.png","width":805,"height":210,"caption":"Communiqu\u00e9 de presse"},{"@type":"BreadcrumbList","@id":"https:\/\/www.ccts-cprst.ca\/fr\/cprst-invite-le-public-a-une-assemblee-publique-sur-twitter\/#breadcrumb","itemListElement":[{"@type":"ListItem","position":1,"name":"Home","item":"https:\/\/www.ccts-cprst.ca\/fr\/"},{"@type":"ListItem","position":2,"name":"CPRST invite le public \u00e0 une assembl\u00e9e publique sur Twitter"}]},{"@type":"WebSite","@id":"https:\/\/www.ccts-cprst.ca\/fr\/#website","url":"https:\/\/www.ccts-cprst.ca\/fr\/","name":"CCTS \/ CPRST","description":"","publisher":{"@id":"https:\/\/www.ccts-cprst.ca\/fr\/#organization"},"potentialAction":[{"@type":"SearchAction","target":{"@type":"EntryPoint","urlTemplate":"https:\/\/www.ccts-cprst.ca\/fr\/?s={search_term_string}"},"query-input":{"@type":"PropertyValueSpecification","valueRequired":true,"valueName":"search_term_string"}}],"inLanguage":"fr-FR"},{"@type":"Organization","@id":"https:\/\/www.ccts-cprst.ca\/fr\/#organization","name":"CCTS \/ CPRST","url":"https:\/\/www.ccts-cprst.ca\/fr\/","logo":{"@type":"ImageObject","inLanguage":"fr-FR","@id":"https:\/\/www.ccts-cprst.ca\/fr\/#\/schema\/logo\/image\/","url":"https:\/\/www.ccts-cprst.ca\/wp-content\/uploads\/2024\/08\/logo-ccts-en.png","contentUrl":"https:\/\/www.ccts-cprst.ca\/wp-content\/uploads\/2024\/08\/logo-ccts-en.png","width":498,"height":180,"caption":"CCTS \/ CPRST"},"image":{"@id":"https:\/\/www.ccts-cprst.ca\/fr\/#\/schema\/logo\/image\/"},"sameAs":["https:\/\/www.facebook.com\/ccts.cprst\/","https:\/\/x.com\/ccts_cprst","https:\/\/www.youtube.com\/channel\/UCLagw5p-R3rIJWUto9wt-5Q","https:\/\/www.linkedin.com\/company\/commission-for-complaints-for-telecom-television-services\/"]},{"@type":"Person","@id":"https:\/\/www.ccts-cprst.ca\/fr\/#\/schema\/person\/98bbe25cf35ab33e6ac1045a6cab3809","name":"G A"}]}},"_links":{"self":[{"href":"https:\/\/www.ccts-cprst.ca\/fr\/wp-json\/wp\/v2\/posts\/1497","targetHints":{"allow":["GET"]}}],"collection":[{"href":"https:\/\/www.ccts-cprst.ca\/fr\/wp-json\/wp\/v2\/posts"}],"about":[{"href":"https:\/\/www.ccts-cprst.ca\/fr\/wp-json\/wp\/v2\/types\/post"}],"author":[{"embeddable":true,"href":"https:\/\/www.ccts-cprst.ca\/fr\/wp-json\/wp\/v2\/users\/15"}],"replies":[{"embeddable":true,"href":"https:\/\/www.ccts-cprst.ca\/fr\/wp-json\/wp\/v2\/comments?post=1497"}],"version-history":[{"count":1,"href":"https:\/\/www.ccts-cprst.ca\/fr\/wp-json\/wp\/v2\/posts\/1497\/revisions"}],"predecessor-version":[{"id":1498,"href":"https:\/\/www.ccts-cprst.ca\/fr\/wp-json\/wp\/v2\/posts\/1497\/revisions\/1498"}],"wp:featuredmedia":[{"embeddable":true,"href":"https:\/\/www.ccts-cprst.ca\/fr\/wp-json\/wp\/v2\/media\/1031"}],"wp:attachment":[{"href":"https:\/\/www.ccts-cprst.ca\/fr\/wp-json\/wp\/v2\/media?parent=1497"}],"wp:term":[{"taxonomy":"category","embeddable":true,"href":"https:\/\/www.ccts-cprst.ca\/fr\/wp-json\/wp\/v2\/categories?post=1497"},{"taxonomy":"post_tag","embeddable":true,"href":"https:\/\/www.ccts-cprst.ca\/fr\/wp-json\/wp\/v2\/tags?post=1497"}],"curies":[{"name":"wp","href":"https:\/\/api.w.org\/{rel}","templated":true}]}}