{"id":11928,"date":"2025-10-15T10:11:44","date_gmt":"2025-10-15T14:11:44","guid":{"rendered":"https:\/\/www.ccts-cprst.ca\/?p=11928"},"modified":"2025-10-15T11:23:08","modified_gmt":"2025-10-15T15:23:08","slug":"la-cprst-nomme-une-nouvelle-commissaire-et-directrice-generale","status":"publish","type":"post","link":"https:\/\/www.ccts-cprst.ca\/fr\/la-cprst-nomme-une-nouvelle-commissaire-et-directrice-generale\/","title":{"rendered":"La CPRST nomme une nouvelle commissaire et directrice g\u00e9n\u00e9rale"},"content":{"rendered":"<p><span data-contrast=\"auto\">La Commission des plaintes relatives aux services de t\u00e9l\u00e9com-t\u00e9l\u00e9vision (CPRST) a le plaisir d\u2019annoncer que Jos\u00e9e\u202fBidal\u202fThibault deviendra sa nouvelle commissaire et directrice g\u00e9n\u00e9rale \u00e0 compter du 1 janvier 2026. Cette d\u00e9cision fait suite au d\u00e9part d\u00e9j\u00e0 annonc\u00e9 d\u2019Howard\u202fMaker, dont le mandat de commissaire et de directeur g\u00e9n\u00e9ral se terminera le 31 d\u00e9cembre 2025.<\/span><span data-ccp-props=\"{&quot;201341983&quot;:0,&quot;335559739&quot;:0,&quot;335559740&quot;:276}\">\u00a0<\/span><\/p>\n<p><span data-contrast=\"auto\">\u00a0<\/span><span data-contrast=\"auto\">Jos\u00e9e\u202fBidal\u202fThibault compte 17\u202fans d\u2019exp\u00e9rience comme cadre sup\u00e9rieur, notamment en tant que commissaire adjointe. Depuis la cr\u00e9ation de la CPRST, elle a jou\u00e9 un r\u00f4le d\u00e9terminant dans la d\u00e9finition de l\u2019orientation strat\u00e9gique, de la croissance op\u00e9rationnelle et de la culture organisationnelle de l\u2019organisme. Forte de son exp\u00e9rience au sein de la CPRST et du secteur priv\u00e9, elle apporte son expertise r\u00e9glementaire, commerciale et strat\u00e9gique \u00e0 la direction de la CPRST. M<\/span><span data-contrast=\"auto\">me<\/span><span data-contrast=\"auto\">\u202fBidal Thibault\u202fest titulaire d\u2019un M.B.A. de la Sprott School of Business de l\u2019universit\u00e9 Carleton et d\u2019un B.A. sp\u00e9cialis\u00e9 en droit et est une conseill\u00e8re en ressources humaines agr\u00e9\u00e9e (CRHA). Elle continuera \u00e0 travailler en \u00e9troite collaboration avec le conseil d\u2019administration afin de mettre en \u0153uvre la vision strat\u00e9gique pour l\u2019avenir de la CPRST. \u202f<\/span><span data-ccp-props=\"{&quot;201341983&quot;:0,&quot;335559739&quot;:0,&quot;335559740&quot;:276}\">\u00a0<\/span><\/p>\n<p><span data-contrast=\"auto\">\u00ab\u202fJe suis honor\u00e9e de continuer \u00e0 travailler avec la CPRST en tant que prochaine commissaire et directrice g\u00e9n\u00e9rale et de m\u2019appuyer sur les fondations solides \u00e9tablies par notre \u00e9quipe d\u00e9vou\u00e9e. La CPRST joue un r\u00f4le essentiel en veillant \u00e0 ce que les Canadiens et Canadiennes aient acc\u00e8s \u00e0 un service de r\u00e8glement des plaintes \u00e9quitable, gratuit, transparent et efficace, et je me r\u00e9jouis de poursuivre notre travail avec notre personnel, le conseil d\u2019administration, les groupes de consommateurs et consommatrices et les fournisseurs de services afin de renforcer cette mission, a d\u00e9clar\u00e9 Jos\u00e9e\u202fBidal\u202fThibault. Ensemble, nous continuerons \u00e0 am\u00e9liorer nos services, \u00e0 entretenir des relations constructives avec les parties prenantes et \u00e0 pr\u00e9server la confiance que les consommateurs et consommatrices ainsi que les fournisseurs de services placent dans la CPRST.\u202f\u00bb<\/span><span data-ccp-props=\"{&quot;201341983&quot;:0,&quot;335559739&quot;:0,&quot;335559740&quot;:276}\">\u00a0<\/span><\/p>\n<p><span data-contrast=\"auto\">\u00a0<\/span><span data-contrast=\"auto\">Sous la direction de Jos\u00e9e\u202fBidal\u202fThibault, la CPRST continuera \u00e0 approfondir ses relations avec le gouvernement, les organismes de d\u00e9fense des consommateurs et consommatrices et les groupes de la soci\u00e9t\u00e9 civile, les fournisseurs de services et les parties prenantes sectorielles, tout en am\u00e9liorant l\u2019efficacit\u00e9 op\u00e9rationnelle et la sensibilisation du public \u00e0 ses services. La CPRST continuera \u00e0 apporter de la valeur ajout\u00e9e en s\u2019orientant vers les besoins en constante \u00e9volution de ses parties prenantes. Le conseil d\u2019administration est convaincu que la vision et l\u2019exp\u00e9rience de M<\/span><span data-contrast=\"auto\">me<\/span><span data-contrast=\"auto\">\u202fBidal\u202fThibault permettront \u00e0 la CPRST de relever de nouveaux d\u00e9fis et de saisir de nouvelles occasions dans les ann\u00e9es \u00e0 venir.<\/span><span data-ccp-props=\"{&quot;201341983&quot;:0,&quot;335559739&quot;:0,&quot;335559740&quot;:276}\">\u00a0<\/span><\/p>\n<p><span data-contrast=\"auto\">\u00a0<\/span><span data-contrast=\"auto\">\u00ab\u202fLe conseil d\u2019administration est heureux de nommer Jos\u00e9e\u202fBidal\u202fThibault au poste de directrice g\u00e9n\u00e9rale de la CPRST. Le conseil d\u2019administration travaillera en \u00e9troite collaboration avec elle pour continuer \u00e0 renforcer la CPRST en tant que service fiable et accessible pour les clients et clientes des services de t\u00e9l\u00e9communication et de t\u00e9l\u00e9vision au Canada, ce qui signifie rester ancr\u00e9 dans nos valeurs, investir dans les syst\u00e8mes et les \u00e9quipes qui soutiennent le travail, et rechercher des am\u00e9liorations qui profitent \u00e0 la fois aux consommateurs et consommatrices et aux fournisseurs, a d\u00e9clar\u00e9 Trish\u202fKiley, pr\u00e9sidente du conseil d\u2019administration de la CPRST.<\/span> <span data-contrast=\"auto\">Au nom du conseil d\u2019administration, je tiens \u00e0 exprimer nos remerciements sinc\u00e8res \u00e0 Howard\u202fMaker pour plus de 17\u202fann\u00e9es de direction exceptionnelle, qui ont permis \u00e0 la CPRST de passer d\u2019une petite entreprise en d\u00e9marrage \u00e0 un organisme national de confiance.\u202f\u00bb\u00a0<\/span><span data-ccp-props=\"{&quot;201341983&quot;:0,&quot;335559739&quot;:0,&quot;335559740&quot;:276}\">\u00a0<\/span><\/p>\n<p><span data-contrast=\"auto\">\u00a0<\/span><b><span data-contrast=\"auto\">\u00c0 propos de la\u202fCPRST<\/span><\/b><span data-ccp-props=\"{&quot;201341983&quot;:0,&quot;335559739&quot;:0,&quot;335559740&quot;:276}\">\u00a0<\/span><\/p>\n<p><i><span data-contrast=\"auto\">La\u202fCPRST est l\u2019organisme de m\u00e9diation national et ind\u00e9pendant du Canada dans le secteur des t\u00e9l\u00e9communications et de la t\u00e9l\u00e9vision, qui travaille avec les consommateurs et consommatrices et les fournisseurs de services. Elle fournit gratuitement des services de r\u00e8glement des plaintes impartiaux, \u00e9quitables et efficaces au public consommateur. Les consommateurs et consommatrices de services de t\u00e9l\u00e9communication et de t\u00e9l\u00e9vision peuvent demander l\u2019aide de la\u202fCPRST et<\/span><\/i> <a href=\"https:\/\/www.ccts-cprst.ca\/fr\/pour-les-consommateurs\/plaintes\/renseignements-necessaires\/\"><i><span data-contrast=\"none\">d\u00e9poser une plainte<\/span><\/i><\/a> <i><span data-contrast=\"auto\">s\u2019ils ne sont pas en mesure de r\u00e9gler un diff\u00e9rend avec leur fournisseur de services.<\/span><\/i><span data-ccp-props=\"{&quot;201341983&quot;:0,&quot;335559739&quot;:0,&quot;335559740&quot;:276}\">\u00a0<\/span><\/p>\n<p><span data-contrast=\"auto\">\u00a0<\/span><b><span data-contrast=\"auto\">Personne-ressource des m\u00e9dias<\/span><\/b><span data-contrast=\"auto\">\u202f: Nasha\u202fBrownridge, directrice, affaires des intervenants et communications<\/span><span data-contrast=\"auto\">, <\/span><a href=\"mailto:communications@ccts-cprst.ca\"><b><span data-contrast=\"none\">communications@ccts-cprst.ca<\/span><\/b><\/a><span data-ccp-props=\"{&quot;201341983&quot;:0,&quot;335559739&quot;:0,&quot;335559740&quot;:276}\">\u00a0<\/span><\/p>\n","protected":false},"excerpt":{"rendered":"<p>La Commission des plaintes relatives aux services de t\u00e9l\u00e9com-t\u00e9l\u00e9vision (CPRST) a le plaisir d\u2019annoncer que Jos\u00e9e\u202fBidal\u202fThibault deviendra sa nouvelle commissaire et directrice g\u00e9n\u00e9rale \u00e0 compter du 1 janvier 2026. Cette d\u00e9cision fait suite au d\u00e9part d\u00e9j\u00e0 annonc\u00e9 d\u2019Howard\u202fMaker, dont le mandat de commissaire et de directeur g\u00e9n\u00e9ral se terminera le 31 d\u00e9cembre 2025.\u00a0 \u00a0Jos\u00e9e\u202fBidal\u202fThibault compte<a class=\"excerpt-read-more\" href=\"https:\/\/www.ccts-cprst.ca\/fr\/la-cprst-nomme-une-nouvelle-commissaire-et-directrice-generale\/\" title=\"LuLa CPRST nomme une nouvelle commissaire et directrice g\u00e9n\u00e9rale\">En lire plus &raquo;<\/a><\/p>\n","protected":false},"author":15,"featured_media":0,"comment_status":"closed","ping_status":"closed","sticky":false,"template":"","format":"standard","meta":{"_acf_changed":false,"_relevanssi_hide_post":"","_relevanssi_hide_content":"","_relevanssi_pin_for_all":"","_relevanssi_pin_keywords":"","_relevanssi_unpin_keywords":"","_relevanssi_related_keywords":"","_relevanssi_related_include_ids":"","_relevanssi_related_exclude_ids":"","_relevanssi_related_no_append":"","_relevanssi_related_not_related":"","_relevanssi_related_posts":"","_relevanssi_noindex_reason":"","footnotes":""},"categories":[61],"tags":[],"class_list":["post-11928","post","type-post","status-publish","format-standard","hentry","category-communique-de-presse"],"acf":[],"yoast_head":"<!-- This site is optimized with the Yoast SEO plugin v26.9 - https:\/\/yoast.com\/product\/yoast-seo-wordpress\/ -->\n<title>La CPRST nomme une nouvelle commissaire et directrice g\u00e9n\u00e9rale - CPRST<\/title>\n<meta name=\"robots\" content=\"index, follow, max-snippet:-1, max-image-preview:large, max-video-preview:-1\" \/>\n<link rel=\"canonical\" href=\"https:\/\/www.ccts-cprst.ca\/fr\/la-cprst-nomme-une-nouvelle-commissaire-et-directrice-generale\/\" \/>\n<meta property=\"og:locale\" content=\"fr_FR\" \/>\n<meta property=\"og:type\" content=\"article\" \/>\n<meta property=\"og:title\" content=\"La CPRST nomme une nouvelle commissaire et directrice g\u00e9n\u00e9rale - CPRST\" \/>\n<meta property=\"og:description\" content=\"La Commission des plaintes relatives aux services de t\u00e9l\u00e9com-t\u00e9l\u00e9vision (CPRST) a le plaisir d\u2019annoncer que Jos\u00e9e\u202fBidal\u202fThibault deviendra sa nouvelle commissaire et directrice g\u00e9n\u00e9rale \u00e0 compter du 1 janvier 2026. Cette d\u00e9cision fait suite au d\u00e9part d\u00e9j\u00e0 annonc\u00e9 d\u2019Howard\u202fMaker, dont le mandat de commissaire et de directeur g\u00e9n\u00e9ral se terminera le 31 d\u00e9cembre 2025.\u00a0 \u00a0Jos\u00e9e\u202fBidal\u202fThibault compteEn lire plus &raquo;\" \/>\n<meta property=\"og:url\" content=\"https:\/\/www.ccts-cprst.ca\/fr\/la-cprst-nomme-une-nouvelle-commissaire-et-directrice-generale\/\" \/>\n<meta property=\"og:site_name\" content=\"CPRST\" \/>\n<meta property=\"article:publisher\" content=\"https:\/\/www.facebook.com\/ccts.cprst\/\" \/>\n<meta property=\"article:published_time\" content=\"2025-10-15T14:11:44+00:00\" \/>\n<meta property=\"article:modified_time\" content=\"2025-10-15T15:23:08+00:00\" \/>\n<meta name=\"author\" content=\"G A\" \/>\n<meta name=\"twitter:card\" content=\"summary_large_image\" \/>\n<meta name=\"twitter:creator\" content=\"@ccts_cprst\" \/>\n<meta name=\"twitter:site\" content=\"@ccts_cprst\" \/>\n<meta name=\"twitter:label1\" content=\"\u00c9crit par\" \/>\n\t<meta name=\"twitter:data1\" content=\"G A\" \/>\n\t<meta name=\"twitter:label2\" content=\"Dur\u00e9e de lecture estim\u00e9e\" \/>\n\t<meta name=\"twitter:data2\" content=\"3 minutes\" \/>\n<script type=\"application\/ld+json\" class=\"yoast-schema-graph\">{\"@context\":\"https:\/\/schema.org\",\"@graph\":[{\"@type\":\"Article\",\"@id\":\"https:\/\/www.ccts-cprst.ca\/fr\/la-cprst-nomme-une-nouvelle-commissaire-et-directrice-generale\/#article\",\"isPartOf\":{\"@id\":\"https:\/\/www.ccts-cprst.ca\/fr\/la-cprst-nomme-une-nouvelle-commissaire-et-directrice-generale\/\"},\"author\":{\"name\":\"G A\",\"@id\":\"https:\/\/www.ccts-cprst.ca\/fr\/#\/schema\/person\/98bbe25cf35ab33e6ac1045a6cab3809\"},\"headline\":\"La CPRST nomme une nouvelle commissaire et directrice g\u00e9n\u00e9rale\",\"datePublished\":\"2025-10-15T14:11:44+00:00\",\"dateModified\":\"2025-10-15T15:23:08+00:00\",\"mainEntityOfPage\":{\"@id\":\"https:\/\/www.ccts-cprst.ca\/fr\/la-cprst-nomme-une-nouvelle-commissaire-et-directrice-generale\/\"},\"wordCount\":760,\"publisher\":{\"@id\":\"https:\/\/www.ccts-cprst.ca\/fr\/#organization\"},\"articleSection\":[\"Communiqu\u00e9 de presse\"],\"inLanguage\":\"fr-FR\"},{\"@type\":\"WebPage\",\"@id\":\"https:\/\/www.ccts-cprst.ca\/fr\/la-cprst-nomme-une-nouvelle-commissaire-et-directrice-generale\/\",\"url\":\"https:\/\/www.ccts-cprst.ca\/fr\/la-cprst-nomme-une-nouvelle-commissaire-et-directrice-generale\/\",\"name\":\"La CPRST nomme une nouvelle commissaire et directrice g\u00e9n\u00e9rale - CPRST\",\"isPartOf\":{\"@id\":\"https:\/\/www.ccts-cprst.ca\/fr\/#website\"},\"datePublished\":\"2025-10-15T14:11:44+00:00\",\"dateModified\":\"2025-10-15T15:23:08+00:00\",\"breadcrumb\":{\"@id\":\"https:\/\/www.ccts-cprst.ca\/fr\/la-cprst-nomme-une-nouvelle-commissaire-et-directrice-generale\/#breadcrumb\"},\"inLanguage\":\"fr-FR\",\"potentialAction\":[{\"@type\":\"ReadAction\",\"target\":[\"https:\/\/www.ccts-cprst.ca\/fr\/la-cprst-nomme-une-nouvelle-commissaire-et-directrice-generale\/\"]}]},{\"@type\":\"BreadcrumbList\",\"@id\":\"https:\/\/www.ccts-cprst.ca\/fr\/la-cprst-nomme-une-nouvelle-commissaire-et-directrice-generale\/#breadcrumb\",\"itemListElement\":[{\"@type\":\"ListItem\",\"position\":1,\"name\":\"Home\",\"item\":\"https:\/\/www.ccts-cprst.ca\/fr\/\"},{\"@type\":\"ListItem\",\"position\":2,\"name\":\"La CPRST nomme une nouvelle commissaire et directrice g\u00e9n\u00e9rale\"}]},{\"@type\":\"WebSite\",\"@id\":\"https:\/\/www.ccts-cprst.ca\/fr\/#website\",\"url\":\"https:\/\/www.ccts-cprst.ca\/fr\/\",\"name\":\"CCTS \/ CPRST\",\"description\":\"\",\"publisher\":{\"@id\":\"https:\/\/www.ccts-cprst.ca\/fr\/#organization\"},\"potentialAction\":[{\"@type\":\"SearchAction\",\"target\":{\"@type\":\"EntryPoint\",\"urlTemplate\":\"https:\/\/www.ccts-cprst.ca\/fr\/?s={search_term_string}\"},\"query-input\":{\"@type\":\"PropertyValueSpecification\",\"valueRequired\":true,\"valueName\":\"search_term_string\"}}],\"inLanguage\":\"fr-FR\"},{\"@type\":\"Organization\",\"@id\":\"https:\/\/www.ccts-cprst.ca\/fr\/#organization\",\"name\":\"CCTS \/ CPRST\",\"url\":\"https:\/\/www.ccts-cprst.ca\/fr\/\",\"logo\":{\"@type\":\"ImageObject\",\"inLanguage\":\"fr-FR\",\"@id\":\"https:\/\/www.ccts-cprst.ca\/fr\/#\/schema\/logo\/image\/\",\"url\":\"https:\/\/www.ccts-cprst.ca\/wp-content\/uploads\/2024\/08\/logo-ccts-en.png\",\"contentUrl\":\"https:\/\/www.ccts-cprst.ca\/wp-content\/uploads\/2024\/08\/logo-ccts-en.png\",\"width\":498,\"height\":180,\"caption\":\"CCTS \/ CPRST\"},\"image\":{\"@id\":\"https:\/\/www.ccts-cprst.ca\/fr\/#\/schema\/logo\/image\/\"},\"sameAs\":[\"https:\/\/www.facebook.com\/ccts.cprst\/\",\"https:\/\/x.com\/ccts_cprst\",\"https:\/\/www.youtube.com\/channel\/UCLagw5p-R3rIJWUto9wt-5Q\",\"https:\/\/www.linkedin.com\/company\/commission-for-complaints-for-telecom-television-services\/\"]},{\"@type\":\"Person\",\"@id\":\"https:\/\/www.ccts-cprst.ca\/fr\/#\/schema\/person\/98bbe25cf35ab33e6ac1045a6cab3809\",\"name\":\"G A\"}]}<\/script>\n<!-- \/ Yoast SEO plugin. -->","yoast_head_json":{"title":"La CPRST nomme une nouvelle commissaire et directrice g\u00e9n\u00e9rale - CPRST","robots":{"index":"index","follow":"follow","max-snippet":"max-snippet:-1","max-image-preview":"max-image-preview:large","max-video-preview":"max-video-preview:-1"},"canonical":"https:\/\/www.ccts-cprst.ca\/fr\/la-cprst-nomme-une-nouvelle-commissaire-et-directrice-generale\/","og_locale":"fr_FR","og_type":"article","og_title":"La CPRST nomme une nouvelle commissaire et directrice g\u00e9n\u00e9rale - CPRST","og_description":"La Commission des plaintes relatives aux services de t\u00e9l\u00e9com-t\u00e9l\u00e9vision (CPRST) a le plaisir d\u2019annoncer que Jos\u00e9e\u202fBidal\u202fThibault deviendra sa nouvelle commissaire et directrice g\u00e9n\u00e9rale \u00e0 compter du 1 janvier 2026. Cette d\u00e9cision fait suite au d\u00e9part d\u00e9j\u00e0 annonc\u00e9 d\u2019Howard\u202fMaker, dont le mandat de commissaire et de directeur g\u00e9n\u00e9ral se terminera le 31 d\u00e9cembre 2025.\u00a0 \u00a0Jos\u00e9e\u202fBidal\u202fThibault compteEn lire plus &raquo;","og_url":"https:\/\/www.ccts-cprst.ca\/fr\/la-cprst-nomme-une-nouvelle-commissaire-et-directrice-generale\/","og_site_name":"CPRST","article_publisher":"https:\/\/www.facebook.com\/ccts.cprst\/","article_published_time":"2025-10-15T14:11:44+00:00","article_modified_time":"2025-10-15T15:23:08+00:00","author":"G A","twitter_card":"summary_large_image","twitter_creator":"@ccts_cprst","twitter_site":"@ccts_cprst","twitter_misc":{"\u00c9crit par":"G A","Dur\u00e9e de lecture estim\u00e9e":"3 minutes"},"schema":{"@context":"https:\/\/schema.org","@graph":[{"@type":"Article","@id":"https:\/\/www.ccts-cprst.ca\/fr\/la-cprst-nomme-une-nouvelle-commissaire-et-directrice-generale\/#article","isPartOf":{"@id":"https:\/\/www.ccts-cprst.ca\/fr\/la-cprst-nomme-une-nouvelle-commissaire-et-directrice-generale\/"},"author":{"name":"G A","@id":"https:\/\/www.ccts-cprst.ca\/fr\/#\/schema\/person\/98bbe25cf35ab33e6ac1045a6cab3809"},"headline":"La CPRST nomme une nouvelle commissaire et directrice g\u00e9n\u00e9rale","datePublished":"2025-10-15T14:11:44+00:00","dateModified":"2025-10-15T15:23:08+00:00","mainEntityOfPage":{"@id":"https:\/\/www.ccts-cprst.ca\/fr\/la-cprst-nomme-une-nouvelle-commissaire-et-directrice-generale\/"},"wordCount":760,"publisher":{"@id":"https:\/\/www.ccts-cprst.ca\/fr\/#organization"},"articleSection":["Communiqu\u00e9 de presse"],"inLanguage":"fr-FR"},{"@type":"WebPage","@id":"https:\/\/www.ccts-cprst.ca\/fr\/la-cprst-nomme-une-nouvelle-commissaire-et-directrice-generale\/","url":"https:\/\/www.ccts-cprst.ca\/fr\/la-cprst-nomme-une-nouvelle-commissaire-et-directrice-generale\/","name":"La CPRST nomme une nouvelle commissaire et directrice g\u00e9n\u00e9rale - CPRST","isPartOf":{"@id":"https:\/\/www.ccts-cprst.ca\/fr\/#website"},"datePublished":"2025-10-15T14:11:44+00:00","dateModified":"2025-10-15T15:23:08+00:00","breadcrumb":{"@id":"https:\/\/www.ccts-cprst.ca\/fr\/la-cprst-nomme-une-nouvelle-commissaire-et-directrice-generale\/#breadcrumb"},"inLanguage":"fr-FR","potentialAction":[{"@type":"ReadAction","target":["https:\/\/www.ccts-cprst.ca\/fr\/la-cprst-nomme-une-nouvelle-commissaire-et-directrice-generale\/"]}]},{"@type":"BreadcrumbList","@id":"https:\/\/www.ccts-cprst.ca\/fr\/la-cprst-nomme-une-nouvelle-commissaire-et-directrice-generale\/#breadcrumb","itemListElement":[{"@type":"ListItem","position":1,"name":"Home","item":"https:\/\/www.ccts-cprst.ca\/fr\/"},{"@type":"ListItem","position":2,"name":"La CPRST nomme une nouvelle commissaire et directrice g\u00e9n\u00e9rale"}]},{"@type":"WebSite","@id":"https:\/\/www.ccts-cprst.ca\/fr\/#website","url":"https:\/\/www.ccts-cprst.ca\/fr\/","name":"CCTS \/ CPRST","description":"","publisher":{"@id":"https:\/\/www.ccts-cprst.ca\/fr\/#organization"},"potentialAction":[{"@type":"SearchAction","target":{"@type":"EntryPoint","urlTemplate":"https:\/\/www.ccts-cprst.ca\/fr\/?s={search_term_string}"},"query-input":{"@type":"PropertyValueSpecification","valueRequired":true,"valueName":"search_term_string"}}],"inLanguage":"fr-FR"},{"@type":"Organization","@id":"https:\/\/www.ccts-cprst.ca\/fr\/#organization","name":"CCTS \/ CPRST","url":"https:\/\/www.ccts-cprst.ca\/fr\/","logo":{"@type":"ImageObject","inLanguage":"fr-FR","@id":"https:\/\/www.ccts-cprst.ca\/fr\/#\/schema\/logo\/image\/","url":"https:\/\/www.ccts-cprst.ca\/wp-content\/uploads\/2024\/08\/logo-ccts-en.png","contentUrl":"https:\/\/www.ccts-cprst.ca\/wp-content\/uploads\/2024\/08\/logo-ccts-en.png","width":498,"height":180,"caption":"CCTS \/ CPRST"},"image":{"@id":"https:\/\/www.ccts-cprst.ca\/fr\/#\/schema\/logo\/image\/"},"sameAs":["https:\/\/www.facebook.com\/ccts.cprst\/","https:\/\/x.com\/ccts_cprst","https:\/\/www.youtube.com\/channel\/UCLagw5p-R3rIJWUto9wt-5Q","https:\/\/www.linkedin.com\/company\/commission-for-complaints-for-telecom-television-services\/"]},{"@type":"Person","@id":"https:\/\/www.ccts-cprst.ca\/fr\/#\/schema\/person\/98bbe25cf35ab33e6ac1045a6cab3809","name":"G A"}]}},"_links":{"self":[{"href":"https:\/\/www.ccts-cprst.ca\/fr\/wp-json\/wp\/v2\/posts\/11928","targetHints":{"allow":["GET"]}}],"collection":[{"href":"https:\/\/www.ccts-cprst.ca\/fr\/wp-json\/wp\/v2\/posts"}],"about":[{"href":"https:\/\/www.ccts-cprst.ca\/fr\/wp-json\/wp\/v2\/types\/post"}],"author":[{"embeddable":true,"href":"https:\/\/www.ccts-cprst.ca\/fr\/wp-json\/wp\/v2\/users\/15"}],"replies":[{"embeddable":true,"href":"https:\/\/www.ccts-cprst.ca\/fr\/wp-json\/wp\/v2\/comments?post=11928"}],"version-history":[{"count":5,"href":"https:\/\/www.ccts-cprst.ca\/fr\/wp-json\/wp\/v2\/posts\/11928\/revisions"}],"predecessor-version":[{"id":11962,"href":"https:\/\/www.ccts-cprst.ca\/fr\/wp-json\/wp\/v2\/posts\/11928\/revisions\/11962"}],"wp:attachment":[{"href":"https:\/\/www.ccts-cprst.ca\/fr\/wp-json\/wp\/v2\/media?parent=11928"}],"wp:term":[{"taxonomy":"category","embeddable":true,"href":"https:\/\/www.ccts-cprst.ca\/fr\/wp-json\/wp\/v2\/categories?post=11928"},{"taxonomy":"post_tag","embeddable":true,"href":"https:\/\/www.ccts-cprst.ca\/fr\/wp-json\/wp\/v2\/tags?post=11928"}],"curies":[{"name":"wp","href":"https:\/\/api.w.org\/{rel}","templated":true}]}}